{"id":99047,"date":"2026-03-02T09:21:58","date_gmt":"2026-03-02T12:21:58","guid":{"rendered":"https:\/\/www.radioamigavallenar.cl\/?p=99047"},"modified":"2026-03-02T09:21:58","modified_gmt":"2026-03-02T12:21:58","slug":"imacec-negativo-en-inicio-de-2026-cayo-01-en-enero","status":"publish","type":"post","link":"https:\/\/www.radioamigavallenar.cl\/?p=99047","title":{"rendered":"Imacec negativo en inicio de 2026: cay\u00f3 0,1% en enero"},"content":{"rendered":"<p>El Banco Central inform\u00f3 que, de acuerdo con la informaci\u00f3n preliminar,\u00a0<strong>el \u00cdndice Mensual de Actividad Econ\u00f3mica (Imacec) de enero de 2026 cay\u00f3 0,1% en comparaci\u00f3n con igual mes del a\u00f1o anterior<\/strong>.<\/p>\n<p>El instituto emisor a\u00f1adi\u00f3 que \u00abla serie desestacionalizada aument\u00f3 0,2% respecto del mes precedente y 0,5% en doce meses. El mes registr\u00f3 un d\u00eda h\u00e1bil menos que enero de 2025\u00bb.<\/p>\n<p>\u00ab<strong>El resultado del Imacec se explic\u00f3 por la ca\u00edda de la producci\u00f3n de bienes, lo que fue compensado en parte por el desempe\u00f1o de los servicios<\/strong>. Estos \u00faltimos, en tanto, impulsaron el resultado del Imacec en t\u00e9rminos desestacionalizados\u00bb, a\u00f1adi\u00f3 el organismo.<\/p>\n<p>\u00abEl Imacec no minero no present\u00f3 variaci\u00f3n anual, mientras que en t\u00e9rminos desestacionalizados creci\u00f3 0,1% respecto del mes anterior y 0,7% en doce meses\u00bb, agreg\u00f3 en Banco Central.<\/p>\n","protected":false},"excerpt":{"rendered":"<p>El Banco Central inform\u00f3 que, de acuerdo con la informaci\u00f3n preliminar,\u00a0el \u00cdndice Mensual de Actividad Econ\u00f3mica (Imacec) de enero de 2026 cay\u00f3 0,1% en comparaci\u00f3n&hellip; <\/p>\n","protected":false},"author":7,"featured_media":99048,"comment_status":"closed","ping_status":"closed","sticky":false,"template":"","format":"standard","meta":{"footnotes":""},"categories":[37],"tags":[],"class_list":["post-99047","post","type-post","status-publish","format-standard","has-post-thumbnail","hentry","category-nacional"],"_links":{"self":[{"href":"https:\/\/www.radioamigavallenar.cl\/index.php?rest_route=\/wp\/v2\/posts\/99047","targetHints":{"allow":["GET"]}}],"collection":[{"href":"https:\/\/www.radioamigavallenar.cl\/index.php?rest_route=\/wp\/v2\/posts"}],"about":[{"href":"https:\/\/www.radioamigavallenar.cl\/index.php?rest_route=\/wp\/v2\/types\/post"}],"author":[{"embeddable":true,"href":"https:\/\/www.radioamigavallenar.cl\/index.php?rest_route=\/wp\/v2\/users\/7"}],"replies":[{"embeddable":true,"href":"https:\/\/www.radioamigavallenar.cl\/index.php?rest_route=%2Fwp%2Fv2%2Fcomments&post=99047"}],"version-history":[{"count":1,"href":"https:\/\/www.radioamigavallenar.cl\/index.php?rest_route=\/wp\/v2\/posts\/99047\/revisions"}],"predecessor-version":[{"id":99049,"href":"https:\/\/www.radioamigavallenar.cl\/index.php?rest_route=\/wp\/v2\/posts\/99047\/revisions\/99049"}],"wp:featuredmedia":[{"embeddable":true,"href":"https:\/\/www.radioamigavallenar.cl\/index.php?rest_route=\/wp\/v2\/media\/99048"}],"wp:attachment":[{"href":"https:\/\/www.radioamigavallenar.cl\/index.php?rest_route=%2Fwp%2Fv2%2Fmedia&parent=99047"}],"wp:term":[{"taxonomy":"category","embeddable":true,"href":"https:\/\/www.radioamigavallenar.cl\/index.php?rest_route=%2Fwp%2Fv2%2Fcategories&post=99047"},{"taxonomy":"post_tag","embeddable":true,"href":"https:\/\/www.radioamigavallenar.cl\/index.php?rest_route=%2Fwp%2Fv2%2Ftags&post=99047"}],"curies":[{"name":"wp","href":"https:\/\/api.w.org\/{rel}","templated":true}]}}