{"id":99044,"date":"2026-03-02T08:15:55","date_gmt":"2026-03-02T11:15:55","guid":{"rendered":"https:\/\/www.radioamigavallenar.cl\/?p=99044"},"modified":"2026-03-02T08:15:55","modified_gmt":"2026-03-02T11:15:55","slug":"hoy-comienza-el-segundo-pago-del-ex-bono-marzo-revisa-si-te-corresponden-los-66-mil-del-beneficio","status":"publish","type":"post","link":"https:\/\/www.radioamigavallenar.cl\/?p=99044","title":{"rendered":"Hoy comienza el segundo pago del ex Bono Marzo: revisa si te corresponden los $66 mil del beneficio"},"content":{"rendered":"<p><span class=\"destacador destacado\">A partir de este lunes 2 de marzo se realizar\u00e1 otro pago del ex Bono Marzo 2026,<\/span>\u00a0dirigido al segundo grupo de los tres que contempla el proceso.<\/p>\n<p>Seg\u00fan inform\u00f3 el Instituto de Previsi\u00f3n Social hace algunas semanas, el Aporte Familiar Permanente como hoy se llama al bono\u2014 <strong>se pagar\u00eda en tres fechas distintas, dividiendo a los beneficiarios en tres grupos.<\/strong><\/p>\n<p><span class=\"destacador destacado\">El primero de ellos recibi\u00f3 su pago desde el pasado 16 de febrero.<\/span>\u00a0En esa oportunidad, se otorg\u00f3 a personas beneficiarias del Subsidio Familiar, Chile Solidario o del Subsistema de Seguridades y Oportunidades (Ingreso \u00c9tico Familiar), pagados entre el 14 y el 28 de febrero.<\/p>\n<h2 style=\"text-align: center;\">\u00bfQui\u00e9nes reciben el segundo pago del ex Bono Marzo 2026?<\/h2>\n<p>Desde este\u00a0<strong>2 de marzo<\/strong>\u00a0se otorgar\u00e1 el Aporte Familiar Permanente a\u00a0<span class=\"destacador destacado\">personas beneficiarias de Subsidio Familiar, Chile Solidario o del Subsistema de Seguridades y Oportunidades<\/span>\u00a0(Ingreso \u00c9tico Familiar), que\u00a0<strong>reciben el pago habitual de sus beneficios entre el 2 y 13 de marzo.<\/strong><\/p>\n<p>Adem\u00e1s, ser\u00e1 el turno de las\u00a0<strong>personas pensionadas del Instituto de Previsi\u00f3n Social (IPS), con cargas familiares.<\/strong><\/p>\n<p><span class=\"destacador destacado\">El monto del beneficio es de\u00a0<strong>$66.834<\/strong><\/span>, que se paga por carga familiar o por familia, dependiendo del tipo de beneficiario.<\/p>\n<p>Cabe destacar que\u00a0<strong>no es necesario postular, ya que el bono se paga autom\u00e1ticamente<\/strong>\u00a0a quienes cumplan los requisitos antes se\u00f1alados.<\/p>\n<h2 style=\"text-align: center;\">Consulta si te corresponde el segundo pago del ex Bono Marzo<\/h2>\n<p>Adem\u00e1s de verificarlo a trav\u00e9s de las condiciones que engloban al segundo grupo, los eventuales beneficiarios del ex Bono Marzo pueden\u00a0<strong>consultar si recibir\u00e1n el pago en\u00a0<a href=\"https:\/\/www.aportefamiliar.cl\/index.html\" target=\"_blank\" rel=\"noopener\">www.aportefamiliar.cl<\/a>\u00a0o en\u00a0<a href=\"https:\/\/www.chileatiende.gob.cl\/\" target=\"_blank\" rel=\"noopener\">www.chileatiende.cl<\/a>.<\/strong><\/p>\n<p>Asimismo, pueden\u00a0<strong>llamar al Call Center 101.<\/strong><\/p>\n<h2 style=\"text-align: center;\">\u00bfCu\u00e1ndo es la \u00faltima fecha de pago?<\/h2>\n<p><span class=\"destacador destacado\">El 16 de marzo es la \u00faltima fecha agendada para el pago del ex Bono Marzo 2026<\/span>. A partir de ese d\u00eda se entregar\u00e1 a las personas que reciben Asignaci\u00f3n Familiar o Maternal por sus cargas familiares, ya sean trabajadores o pensionados de entidades distintas al IPS.<\/p>\n<p>Recuerda que hay un plazo de nueve meses para cobrar el Aporte Familiar desde la fecha de emisi\u00f3n del documento de pago.<\/p>\n","protected":false},"excerpt":{"rendered":"<p>A partir de este lunes 2 de marzo se realizar\u00e1 otro pago del ex Bono Marzo 2026,\u00a0dirigido al segundo grupo de los tres que contempla&hellip; <\/p>\n","protected":false},"author":7,"featured_media":99045,"comment_status":"closed","ping_status":"closed","sticky":false,"template":"","format":"standard","meta":{"footnotes":""},"categories":[37],"tags":[],"class_list":["post-99044","post","type-post","status-publish","format-standard","has-post-thumbnail","hentry","category-nacional"],"_links":{"self":[{"href":"https:\/\/www.radioamigavallenar.cl\/index.php?rest_route=\/wp\/v2\/posts\/99044","targetHints":{"allow":["GET"]}}],"collection":[{"href":"https:\/\/www.radioamigavallenar.cl\/index.php?rest_route=\/wp\/v2\/posts"}],"about":[{"href":"https:\/\/www.radioamigavallenar.cl\/index.php?rest_route=\/wp\/v2\/types\/post"}],"author":[{"embeddable":true,"href":"https:\/\/www.radioamigavallenar.cl\/index.php?rest_route=\/wp\/v2\/users\/7"}],"replies":[{"embeddable":true,"href":"https:\/\/www.radioamigavallenar.cl\/index.php?rest_route=%2Fwp%2Fv2%2Fcomments&post=99044"}],"version-history":[{"count":1,"href":"https:\/\/www.radioamigavallenar.cl\/index.php?rest_route=\/wp\/v2\/posts\/99044\/revisions"}],"predecessor-version":[{"id":99046,"href":"https:\/\/www.radioamigavallenar.cl\/index.php?rest_route=\/wp\/v2\/posts\/99044\/revisions\/99046"}],"wp:featuredmedia":[{"embeddable":true,"href":"https:\/\/www.radioamigavallenar.cl\/index.php?rest_route=\/wp\/v2\/media\/99045"}],"wp:attachment":[{"href":"https:\/\/www.radioamigavallenar.cl\/index.php?rest_route=%2Fwp%2Fv2%2Fmedia&parent=99044"}],"wp:term":[{"taxonomy":"category","embeddable":true,"href":"https:\/\/www.radioamigavallenar.cl\/index.php?rest_route=%2Fwp%2Fv2%2Fcategories&post=99044"},{"taxonomy":"post_tag","embeddable":true,"href":"https:\/\/www.radioamigavallenar.cl\/index.php?rest_route=%2Fwp%2Fv2%2Ftags&post=99044"}],"curies":[{"name":"wp","href":"https:\/\/api.w.org\/{rel}","templated":true}]}}