{"id":99036,"date":"2026-03-02T00:01:45","date_gmt":"2026-03-02T03:01:45","guid":{"rendered":"https:\/\/www.radioamigavallenar.cl\/?p=99036"},"modified":"2026-03-01T22:46:59","modified_gmt":"2026-03-02T01:46:59","slug":"emiten-aviso-meteorologico-por-viento-normal-a-moderado-en-el-litoral-de-la-provincia-del-huasco","status":"publish","type":"post","link":"https:\/\/www.radioamigavallenar.cl\/?p=99036","title":{"rendered":"Emiten aviso meteorol\u00f3gico por viento normal a moderado en el litoral de la provincia del Huasco"},"content":{"rendered":"<p data-pm-slice=\"1 1 []\">La Direcci\u00f3n Meteorol\u00f3gica de Chile, dependiente de la Direcci\u00f3n General de Aeron\u00e1utica Civil, emiti\u00f3 un Aviso Meteorol\u00f3gico c\u00f3digo A92\/2026 por viento normal a moderado que afectar\u00e1 al litoral de la Provincia del Huasco.<\/p>\n<p>De acuerdo con el informe, el fen\u00f3meno est\u00e1 asociado a una condici\u00f3n sin\u00f3ptica de jet costero y se extender\u00e1 desde la tarde de hoy lunes 2 de marzo hasta la noche del martes 3 de marzo de 2026.<\/p>\n<p>El \u00e1rea afectada corresponde espec\u00edficamente al litoral de la provincia del Huasco, donde se estiman vientos con intensidades entre 40 y 60 kil\u00f3metros por hora durante ambas jornadas. Adem\u00e1s, se advierte probabilidad de tormentas de arena en sectores expuestos.<\/p>\n<p>Desde Meteorolog\u00eda se\u00f1alaron que este aviso corresponde a fen\u00f3menos con un grado de severidad moderada, potencialmente riesgosos, por lo que se recomienda a la poblaci\u00f3n mantenerse informada, especialmente a quienes realicen actividades al aire libre o en zonas costeras.<\/p>\n<p>Las autoridades llaman a adoptar medidas preventivas, asegurar techumbres y objetos que puedan desprenderse por acci\u00f3n del viento, y conducir con precauci\u00f3n ante posibles reducciones de visibilidad por levantamiento de polvo o arena.<\/p>\n","protected":false},"excerpt":{"rendered":"<p>La Direcci\u00f3n Meteorol\u00f3gica de Chile, dependiente de la Direcci\u00f3n General de Aeron\u00e1utica Civil, emiti\u00f3 un Aviso Meteorol\u00f3gico c\u00f3digo A92\/2026 por viento normal a moderado que&hellip; <\/p>\n","protected":false},"author":7,"featured_media":71160,"comment_status":"closed","ping_status":"closed","sticky":false,"template":"","format":"standard","meta":{"footnotes":""},"categories":[7],"tags":[],"class_list":["post-99036","post","type-post","status-publish","format-standard","has-post-thumbnail","hentry","category-atacama"],"_links":{"self":[{"href":"https:\/\/www.radioamigavallenar.cl\/index.php?rest_route=\/wp\/v2\/posts\/99036","targetHints":{"allow":["GET"]}}],"collection":[{"href":"https:\/\/www.radioamigavallenar.cl\/index.php?rest_route=\/wp\/v2\/posts"}],"about":[{"href":"https:\/\/www.radioamigavallenar.cl\/index.php?rest_route=\/wp\/v2\/types\/post"}],"author":[{"embeddable":true,"href":"https:\/\/www.radioamigavallenar.cl\/index.php?rest_route=\/wp\/v2\/users\/7"}],"replies":[{"embeddable":true,"href":"https:\/\/www.radioamigavallenar.cl\/index.php?rest_route=%2Fwp%2Fv2%2Fcomments&post=99036"}],"version-history":[{"count":1,"href":"https:\/\/www.radioamigavallenar.cl\/index.php?rest_route=\/wp\/v2\/posts\/99036\/revisions"}],"predecessor-version":[{"id":99037,"href":"https:\/\/www.radioamigavallenar.cl\/index.php?rest_route=\/wp\/v2\/posts\/99036\/revisions\/99037"}],"wp:featuredmedia":[{"embeddable":true,"href":"https:\/\/www.radioamigavallenar.cl\/index.php?rest_route=\/wp\/v2\/media\/71160"}],"wp:attachment":[{"href":"https:\/\/www.radioamigavallenar.cl\/index.php?rest_route=%2Fwp%2Fv2%2Fmedia&parent=99036"}],"wp:term":[{"taxonomy":"category","embeddable":true,"href":"https:\/\/www.radioamigavallenar.cl\/index.php?rest_route=%2Fwp%2Fv2%2Fcategories&post=99036"},{"taxonomy":"post_tag","embeddable":true,"href":"https:\/\/www.radioamigavallenar.cl\/index.php?rest_route=%2Fwp%2Fv2%2Ftags&post=99036"}],"curies":[{"name":"wp","href":"https:\/\/api.w.org\/{rel}","templated":true}]}}