{"id":99032,"date":"2026-03-02T00:00:56","date_gmt":"2026-03-02T03:00:56","guid":{"rendered":"https:\/\/www.radioamigavallenar.cl\/?p=99032"},"modified":"2026-03-01T22:44:33","modified_gmt":"2026-03-02T01:44:33","slug":"carabineros-realizo-mas-de-170-controles-y-detuvo-a-10-personas-durante-el-festival-el-velero-en-huasco","status":"publish","type":"post","link":"https:\/\/www.radioamigavallenar.cl\/?p=99032","title":{"rendered":"Carabineros realiz\u00f3 m\u00e1s de 170 controles y detuvo a 10 personas durante el Festival El Velero en Huasco"},"content":{"rendered":"<p>Durante el desarrollo de las tres jornadas del Festival El Velero en la comuna de Huasco, Carabineros despleg\u00f3 un amplio operativo de seguridad con presencia activa y permanente en terreno, con el objetivo de resguardar el orden p\u00fablico y la seguridad de los asistentes.<\/p>\n<p>Como resultado de esta labor preventiva y de fiscalizaci\u00f3n, se efectuaron m\u00e1s de 170 controles, tanto de identidad como vehiculares, lo que permiti\u00f3 la detenci\u00f3n de 10 personas por diversos delitos.<\/p>\n<p>Asimismo, se cursaron 9 infracciones asociadas a distintas faltas detectadas durante los patrullajes y controles realizados en el marco del evento.<\/p>\n<p>Desde la instituci\u00f3n destacaron el trabajo coordinado desarrollado durante las tres jornadas del festival, enfatizando la importancia de la prevenci\u00f3n y el autocuidado para garantizar actividades masivas seguras para toda la comunidad.<\/p>\n","protected":false},"excerpt":{"rendered":"<p>Durante el desarrollo de las tres jornadas del Festival El Velero en la comuna de Huasco, Carabineros despleg\u00f3 un amplio operativo de seguridad con presencia&hellip; <\/p>\n","protected":false},"author":7,"featured_media":99033,"comment_status":"closed","ping_status":"closed","sticky":false,"template":"","format":"standard","meta":{"footnotes":""},"categories":[7],"tags":[],"class_list":["post-99032","post","type-post","status-publish","format-standard","has-post-thumbnail","hentry","category-atacama"],"_links":{"self":[{"href":"https:\/\/www.radioamigavallenar.cl\/index.php?rest_route=\/wp\/v2\/posts\/99032","targetHints":{"allow":["GET"]}}],"collection":[{"href":"https:\/\/www.radioamigavallenar.cl\/index.php?rest_route=\/wp\/v2\/posts"}],"about":[{"href":"https:\/\/www.radioamigavallenar.cl\/index.php?rest_route=\/wp\/v2\/types\/post"}],"author":[{"embeddable":true,"href":"https:\/\/www.radioamigavallenar.cl\/index.php?rest_route=\/wp\/v2\/users\/7"}],"replies":[{"embeddable":true,"href":"https:\/\/www.radioamigavallenar.cl\/index.php?rest_route=%2Fwp%2Fv2%2Fcomments&post=99032"}],"version-history":[{"count":1,"href":"https:\/\/www.radioamigavallenar.cl\/index.php?rest_route=\/wp\/v2\/posts\/99032\/revisions"}],"predecessor-version":[{"id":99034,"href":"https:\/\/www.radioamigavallenar.cl\/index.php?rest_route=\/wp\/v2\/posts\/99032\/revisions\/99034"}],"wp:featuredmedia":[{"embeddable":true,"href":"https:\/\/www.radioamigavallenar.cl\/index.php?rest_route=\/wp\/v2\/media\/99033"}],"wp:attachment":[{"href":"https:\/\/www.radioamigavallenar.cl\/index.php?rest_route=%2Fwp%2Fv2%2Fmedia&parent=99032"}],"wp:term":[{"taxonomy":"category","embeddable":true,"href":"https:\/\/www.radioamigavallenar.cl\/index.php?rest_route=%2Fwp%2Fv2%2Fcategories&post=99032"},{"taxonomy":"post_tag","embeddable":true,"href":"https:\/\/www.radioamigavallenar.cl\/index.php?rest_route=%2Fwp%2Fv2%2Ftags&post=99032"}],"curies":[{"name":"wp","href":"https:\/\/api.w.org\/{rel}","templated":true}]}}