{"id":99029,"date":"2026-03-02T00:01:26","date_gmt":"2026-03-02T03:01:26","guid":{"rendered":"https:\/\/www.radioamigavallenar.cl\/?p=99029"},"modified":"2026-03-01T22:40:54","modified_gmt":"2026-03-02T01:40:54","slug":"hallan-sin-vida-a-trabajador-que-manipulaba-postes-electricos-en-vallenar","status":"publish","type":"post","link":"https:\/\/www.radioamigavallenar.cl\/?p=99029","title":{"rendered":"Hallan sin vida a trabajador que manipulaba postes el\u00e9ctricos en Vallenar"},"content":{"rendered":"<p>Detectives de la Polic\u00eda de Investigaciones de Chile realizaron diligencias tras el hallazgo del cuerpo de un hombre chileno de 51 a\u00f1os en la v\u00eda p\u00fablica de la comuna de Vallenar, en la Regi\u00f3n de Atacama.<\/p>\n<p>Seg\u00fan informaci\u00f3n policial, oficiales de la Brigada de Investigaci\u00f3n Criminal concurrieron hasta avenida Huasco por instrucci\u00f3n del Ministerio P\u00fablico, luego de reportarse el hallazgo del cad\u00e1ver. En el sitio del suceso se estableci\u00f3 que la v\u00edctima, con domicilio en la misma comuna, se encontraba efectuando labores de desinstalaci\u00f3n de postes el\u00e9ctricos en desuso cuando habr\u00eda sufrido una descarga el\u00e9ctrica.<\/p>\n<p>Las primeras indagatorias permitieron descartar la participaci\u00f3n de terceros en el hecho, determin\u00e1ndose como causa probable de muerte una electrocuci\u00f3n, lo que deber\u00e1 ser confirmado por el Servicio M\u00e9dico Legal mediante los peritajes correspondientes.<\/p>\n<div class=\"code-block code-block-5\">\n<div id=\"sas_99435\"><\/div>\n<\/div>\n<p>El procedimiento se desarroll\u00f3 con apoyo de personal de Carabineros de Chile, Bomberos de Chile y el Servicio M\u00e9dico Legal, bajo coordinaci\u00f3n del Ministerio P\u00fablico de Chile. Las diligencias incluyeron levantamiento de antecedentes y toma de declaraciones para esclarecer las circunstancias del fallecimiento.<\/p>\n<p>Por su parte, la fiscal subrogante de Vallenar inform\u00f3 que fue notificada del deceso durante la ma\u00f1ana del domingo, indicando que la v\u00edctima habr\u00eda estado realizando trabajos relacionados con electricidad, antecedente que contin\u00faa bajo investigaci\u00f3n.<\/p>\n<p>Asimismo, se instruy\u00f3 informar a la Inspecci\u00f3n del Trabajo para la elaboraci\u00f3n de un informe que determine si el fallecimiento ocurri\u00f3 en el contexto de una actividad laboral.<\/p>\n","protected":false},"excerpt":{"rendered":"<p>Detectives de la Polic\u00eda de Investigaciones de Chile realizaron diligencias tras el hallazgo del cuerpo de un hombre chileno de 51 a\u00f1os en la v\u00eda&hellip; <\/p>\n","protected":false},"author":7,"featured_media":99030,"comment_status":"closed","ping_status":"closed","sticky":false,"template":"","format":"standard","meta":{"footnotes":""},"categories":[7],"tags":[],"class_list":["post-99029","post","type-post","status-publish","format-standard","has-post-thumbnail","hentry","category-atacama"],"_links":{"self":[{"href":"https:\/\/www.radioamigavallenar.cl\/index.php?rest_route=\/wp\/v2\/posts\/99029","targetHints":{"allow":["GET"]}}],"collection":[{"href":"https:\/\/www.radioamigavallenar.cl\/index.php?rest_route=\/wp\/v2\/posts"}],"about":[{"href":"https:\/\/www.radioamigavallenar.cl\/index.php?rest_route=\/wp\/v2\/types\/post"}],"author":[{"embeddable":true,"href":"https:\/\/www.radioamigavallenar.cl\/index.php?rest_route=\/wp\/v2\/users\/7"}],"replies":[{"embeddable":true,"href":"https:\/\/www.radioamigavallenar.cl\/index.php?rest_route=%2Fwp%2Fv2%2Fcomments&post=99029"}],"version-history":[{"count":1,"href":"https:\/\/www.radioamigavallenar.cl\/index.php?rest_route=\/wp\/v2\/posts\/99029\/revisions"}],"predecessor-version":[{"id":99031,"href":"https:\/\/www.radioamigavallenar.cl\/index.php?rest_route=\/wp\/v2\/posts\/99029\/revisions\/99031"}],"wp:featuredmedia":[{"embeddable":true,"href":"https:\/\/www.radioamigavallenar.cl\/index.php?rest_route=\/wp\/v2\/media\/99030"}],"wp:attachment":[{"href":"https:\/\/www.radioamigavallenar.cl\/index.php?rest_route=%2Fwp%2Fv2%2Fmedia&parent=99029"}],"wp:term":[{"taxonomy":"category","embeddable":true,"href":"https:\/\/www.radioamigavallenar.cl\/index.php?rest_route=%2Fwp%2Fv2%2Fcategories&post=99029"},{"taxonomy":"post_tag","embeddable":true,"href":"https:\/\/www.radioamigavallenar.cl\/index.php?rest_route=%2Fwp%2Fv2%2Ftags&post=99029"}],"curies":[{"name":"wp","href":"https:\/\/api.w.org\/{rel}","templated":true}]}}