{"id":99020,"date":"2026-03-02T00:00:56","date_gmt":"2026-03-02T03:00:56","guid":{"rendered":"https:\/\/www.radioamigavallenar.cl\/?p=99020"},"modified":"2026-03-01T22:33:21","modified_gmt":"2026-03-02T01:33:21","slug":"detectan-95-kilos-de-machas-extraidas-ilegalmente-en-operativo-en-bahia-inglesa","status":"publish","type":"post","link":"https:\/\/www.radioamigavallenar.cl\/?p=99020","title":{"rendered":"Detectan 95 kilos de machas extra\u00eddas ilegalmente en operativo en Bah\u00eda Inglesa"},"content":{"rendered":"<p>En el marco de las actividades enmarcadas en el Plan Verano de Fiscalizaci\u00f3n, los equipos del Servicio Nacional de Pesca y Acuicultura (Sernapesca) de la Direcci\u00f3n Regional de Atacama, en conjunto con efectivos de la Armada de Chile, realizaron un operativo para verificar el cumplimiento normativo en la cadena de valor del recurso macha.<\/p>\n<p>Fue as\u00ed que en el sector de Bah\u00eda Inglesa, en las cercan\u00edas de Caldera, se encontr\u00f3 un chinguillo que conten\u00eda 95 kilos de machas, extra\u00eddas ilegalmente. En el lugar no se pudo encontrar a los responsables del hecho, mientras que los recursos fueron devueltos al mar. Este hallazgo refuerza la fiscalizaci\u00f3n y el combate a la extracci\u00f3n ilegal de este molusco.<\/p>\n<p>Guillermo Rivera, director regional de Sernapesca Atacama, destac\u00f3 el nivel de coordinaci\u00f3n entre las instituciones de la Red Sustenta que obtuvo importantes resultados para desbaratar a las redes de extracci\u00f3n ilegal de machas en la zona. \u201cEl trabajo interinstitucional que se va realizando, para combatir la extracci\u00f3n ilegal de machas, es fundamental para asegurar el desarrollo responsable de esta pesquer\u00eda, fomentando el consumo legal y reforzando la fiscalizaci\u00f3n en aquellos sectores donde se realiza extracci\u00f3n ilegal\u201d, estim\u00f3 la autoridad.<\/p>\n<p>Dentro de las iniciativas para fomentar el consumo legal de la macha, existe el programa \u201cLa Mejor Macha\u201d. Esta iniciativa se orienta a fortalecer la trazabilidad y el consumo responsable de este recurso, mediante la implementaci\u00f3n de un sistema de etiquetado con c\u00f3digo QR que permite conocer el origen del producto, la fecha de extracci\u00f3n y la persona responsable de su captura, el que puede ser exigido en cualquier punto de venta.<\/p>\n","protected":false},"excerpt":{"rendered":"<p>En el marco de las actividades enmarcadas en el Plan Verano de Fiscalizaci\u00f3n, los equipos del Servicio Nacional de Pesca y Acuicultura (Sernapesca) de la&hellip; <\/p>\n","protected":false},"author":7,"featured_media":99021,"comment_status":"closed","ping_status":"closed","sticky":false,"template":"","format":"standard","meta":{"footnotes":""},"categories":[7],"tags":[],"class_list":["post-99020","post","type-post","status-publish","format-standard","has-post-thumbnail","hentry","category-atacama"],"_links":{"self":[{"href":"https:\/\/www.radioamigavallenar.cl\/index.php?rest_route=\/wp\/v2\/posts\/99020","targetHints":{"allow":["GET"]}}],"collection":[{"href":"https:\/\/www.radioamigavallenar.cl\/index.php?rest_route=\/wp\/v2\/posts"}],"about":[{"href":"https:\/\/www.radioamigavallenar.cl\/index.php?rest_route=\/wp\/v2\/types\/post"}],"author":[{"embeddable":true,"href":"https:\/\/www.radioamigavallenar.cl\/index.php?rest_route=\/wp\/v2\/users\/7"}],"replies":[{"embeddable":true,"href":"https:\/\/www.radioamigavallenar.cl\/index.php?rest_route=%2Fwp%2Fv2%2Fcomments&post=99020"}],"version-history":[{"count":1,"href":"https:\/\/www.radioamigavallenar.cl\/index.php?rest_route=\/wp\/v2\/posts\/99020\/revisions"}],"predecessor-version":[{"id":99022,"href":"https:\/\/www.radioamigavallenar.cl\/index.php?rest_route=\/wp\/v2\/posts\/99020\/revisions\/99022"}],"wp:featuredmedia":[{"embeddable":true,"href":"https:\/\/www.radioamigavallenar.cl\/index.php?rest_route=\/wp\/v2\/media\/99021"}],"wp:attachment":[{"href":"https:\/\/www.radioamigavallenar.cl\/index.php?rest_route=%2Fwp%2Fv2%2Fmedia&parent=99020"}],"wp:term":[{"taxonomy":"category","embeddable":true,"href":"https:\/\/www.radioamigavallenar.cl\/index.php?rest_route=%2Fwp%2Fv2%2Fcategories&post=99020"},{"taxonomy":"post_tag","embeddable":true,"href":"https:\/\/www.radioamigavallenar.cl\/index.php?rest_route=%2Fwp%2Fv2%2Ftags&post=99020"}],"curies":[{"name":"wp","href":"https:\/\/api.w.org\/{rel}","templated":true}]}}