{"id":99014,"date":"2026-03-02T00:01:46","date_gmt":"2026-03-02T03:01:46","guid":{"rendered":"https:\/\/www.radioamigavallenar.cl\/?p=99014"},"modified":"2026-03-01T22:28:05","modified_gmt":"2026-03-02T01:28:05","slug":"beneficiarias-del-programa-capital-abeja-de-sercotec-recibieron-sus-certificados-en-la-provincia-del-huasco","status":"publish","type":"post","link":"https:\/\/www.radioamigavallenar.cl\/?p=99014","title":{"rendered":"Beneficiarias del programa \u201cCapital Abeja\u201d de Sercotec recibieron sus certificados en la Provincia del Huasco."},"content":{"rendered":"<p>De las m\u00e1s de 300 postulaciones recibidas a nivel regional, 10 emprendedoras de la Provincia del Huasco resultaron beneficiadas del programa.<\/p>\n<p>\u201cMe parece bien y aprend\u00ed cosas en el proceso de capacitaci\u00f3n. Mi negocio se trata comida r\u00e1pida, es un carrito donde vendo salchipapas, papas fritas, churrasco, y ahora con este programa me pude formalizar, estoy muy feliz\u201d, cont\u00f3 Virginia Arancibia, de \u201cEl Tr\u00e1nsito\u201d en la provincia de Huasco.<\/p>\n<p>La ceremonia de entrega de certificados se realiz\u00f3 en dependencias del Centro de Negocios Sercotec en la comuna de Vallenar, instancia que reuni\u00f3 a las emprendedoras beneficiadas junto al equipo regional del servicio, en una jornada orientada reconocer el trabajo previo y el esfuerzo desarrollado para concretar sus proyectos de negocios.<\/p>\n<p>Durante la actividad, el director regional de Sercotec Atacama, Marcelo Quiroga Salas, destac\u00f3 el impacto territorial del programa y el proceso recorrido por las beneficiarias: \u201cComo Sercotec estuvimos en la comuna de Vallenar acompa\u00f1ando la certificaci\u00f3n de las ganadoras del Capital Abeja 2025. Desde Sercotec buscamos que estas ideas se transformen en negocios reales, fortaleciendo la gesti\u00f3n y reduciendo las brechas de acceso al mercado, especialmente para las mujeres\u201d, se\u00f1al\u00f3.<\/p>\n<p>El programa Capital Abeja es un fondo concursable de Sercotec que busca apoyar la puesta en marcha de nuevos emprendimientos liderados por mujeres, a trav\u00e9s del cofinanciamiento de un plan de trabajo que permite iniciar actividades, fortalecer la gesti\u00f3n y facilitar el acceso al mercado.<\/p>\n<p>Por \u00faltimo, el director destac\u00f3 que el programa cumple un rol clave en acompa\u00f1ar la profesionalizaci\u00f3n de emprendimientos que fortalecen el desarrollo productivo local: \u201cMuchas de estas emprendedoras ven\u00edan trabajando de manera informal, y este apoyo les permite dar un paso concreto para ordenar y proyectar sus negocios. Como Sercotec, entendemos que avanzar en este proceso abre nuevas oportunidades de crecimiento y contribuye a diversificar la econom\u00eda local desde el territorio\u201d.<\/p>\n<p>Cabe recordar que, en su versi\u00f3n 2025, el programa \u201cCapital Abeja\u201d cont\u00f3 con una inversi\u00f3n nacional de $4.201 millones, beneficiando a 890 mujeres en todo el pa\u00eds. Entre los requisitos de postulaci\u00f3n se considera ser mayor de 18 a\u00f1os, tener sexo registral femenino, no contar con inicio de actividades en primera categor\u00eda ante el Servicio de Impuestos Internos (SII) y presentar un proyecto alineado con el foco regional definido por Sercotec.<\/p>\n","protected":false},"excerpt":{"rendered":"<p>De las m\u00e1s de 300 postulaciones recibidas a nivel regional, 10 emprendedoras de la Provincia del Huasco resultaron beneficiadas del programa. \u201cMe parece bien y&hellip; <\/p>\n","protected":false},"author":7,"featured_media":99015,"comment_status":"closed","ping_status":"closed","sticky":false,"template":"","format":"standard","meta":{"footnotes":""},"categories":[7],"tags":[],"class_list":["post-99014","post","type-post","status-publish","format-standard","has-post-thumbnail","hentry","category-atacama"],"_links":{"self":[{"href":"https:\/\/www.radioamigavallenar.cl\/index.php?rest_route=\/wp\/v2\/posts\/99014","targetHints":{"allow":["GET"]}}],"collection":[{"href":"https:\/\/www.radioamigavallenar.cl\/index.php?rest_route=\/wp\/v2\/posts"}],"about":[{"href":"https:\/\/www.radioamigavallenar.cl\/index.php?rest_route=\/wp\/v2\/types\/post"}],"author":[{"embeddable":true,"href":"https:\/\/www.radioamigavallenar.cl\/index.php?rest_route=\/wp\/v2\/users\/7"}],"replies":[{"embeddable":true,"href":"https:\/\/www.radioamigavallenar.cl\/index.php?rest_route=%2Fwp%2Fv2%2Fcomments&post=99014"}],"version-history":[{"count":1,"href":"https:\/\/www.radioamigavallenar.cl\/index.php?rest_route=\/wp\/v2\/posts\/99014\/revisions"}],"predecessor-version":[{"id":99016,"href":"https:\/\/www.radioamigavallenar.cl\/index.php?rest_route=\/wp\/v2\/posts\/99014\/revisions\/99016"}],"wp:featuredmedia":[{"embeddable":true,"href":"https:\/\/www.radioamigavallenar.cl\/index.php?rest_route=\/wp\/v2\/media\/99015"}],"wp:attachment":[{"href":"https:\/\/www.radioamigavallenar.cl\/index.php?rest_route=%2Fwp%2Fv2%2Fmedia&parent=99014"}],"wp:term":[{"taxonomy":"category","embeddable":true,"href":"https:\/\/www.radioamigavallenar.cl\/index.php?rest_route=%2Fwp%2Fv2%2Fcategories&post=99014"},{"taxonomy":"post_tag","embeddable":true,"href":"https:\/\/www.radioamigavallenar.cl\/index.php?rest_route=%2Fwp%2Fv2%2Ftags&post=99014"}],"curies":[{"name":"wp","href":"https:\/\/api.w.org\/{rel}","templated":true}]}}