{"id":98973,"date":"2026-02-27T00:00:35","date_gmt":"2026-02-27T03:00:35","guid":{"rendered":"https:\/\/www.radioamigavallenar.cl\/?p=98973"},"modified":"2026-02-26T23:57:45","modified_gmt":"2026-02-27T02:57:45","slug":"museo-regional-de-atacama-ha-recibido-mas-de-5-mil-visitas-en-sus-primeras-semanas-de-funcionamiento","status":"publish","type":"post","link":"https:\/\/www.radioamigavallenar.cl\/?p=98973","title":{"rendered":"Museo Regional de Atacama ha recibido m\u00e1s de 5 mil visitas en sus primeras semanas de funcionamiento"},"content":{"rendered":"<p>Desde su apertura al p\u00fablico, este nuevo espacio patrimonial de la regi\u00f3n, que marca un hito para la descentralizaci\u00f3n y el fortalecimiento de la identidad local, ha tenido una masiva concurrencia de p\u00fablico.<\/p>\n<p>A finales de enero, despu\u00e9s de una relevante colaboraci\u00f3n intersectorial entre el Gobierno Regional, el Ministerio de las Culturas, las Artes y el Patrimonio y el Ministerio de Obras P\u00fablicas, m\u00e1s el importante aporte de organizaciones p\u00fablicas y privadas, se inaugur\u00f3 en el sector Alameda de Copiap\u00f3 el nuevo Museo Regional de Atacama, una moderna infraestructura de 6.445 metros cuadrados, distribuidos en cinco niveles, que incluye salas de exhibici\u00f3n permanente y temporal, dep\u00f3sitos con est\u00e1ndares de conservaci\u00f3n, laboratorios especializados, biblioteca patrimonial, auditorio, salas educativas y \u00e1reas de servicio.<\/p>\n<p>Desde su apertura al p\u00fablico, en el marco del D\u00eda de los Patrimonios en Verano, actividad organizada por el Servicio Nacional del Patrimonio Cultural (Serpat), ya son m\u00e1s de 5 mil visitantes quienes han podido vivir una experiencia inolvidable a trav\u00e9s de un recorrido por sus siete salas tem\u00e1ticas que invitan a descubrir Atacama como un territorio excepcional, desde su geograf\u00eda, geolog\u00eda, biodiversidad, historia, comunidades y el cielo que lo caracteriza.<\/p>\n<p>Catisis Lobos Alcota, directora regional del Servicio del Patrimonio Cultural, manifiesta que \u201cestamos tremendamente contentos, entendiendo que en la comunidad se ha despertado un gran inter\u00e9s por conocer este Museo, hasta la fecha ya hemos completado 5 mil visitantes y esperamos seguir aumentando la cantidad de atacame\u00f1os y de personas que vienen desde otras regiones o pa\u00edses para que puedan ser parte de esta experiencia museal \u00fanica\u201d.<\/p>\n<p>En este contexto, durante febrero, el \u00e1rea de educaci\u00f3n y mediaci\u00f3n del Museo ha coordinado diversas actividades en l\u00ednea con descubrir la historia, el patrimonio y las ciencias que dan identidad a la regi\u00f3n en espacios abiertos de aprendizaje, reflexi\u00f3n y encuentro a trav\u00e9s de recorridos mediados, charlas y talleres, en coordinaci\u00f3n con organizaciones como CIAHN Atacama, Seremi de las Ciencias, Tecnolog\u00eda, Conocimiento e Innovaci\u00f3n, CONAF y destacados profesionales de distintas \u00e1reas del conocimiento, iniciativas que adem\u00e1s son parte de la programaci\u00f3n regional de Museos en Verano.<\/p>\n<p>En cuanto a las proyecciones, la directora regional del Serpat destaca que \u201cdesde marzo esperamos comenzar un nuevo ciclo de visitas mediadas con estudiantes, entendiendo que este es un museo de conocimiento, de cultura y sobre todo de educaci\u00f3n, que es uno de los objetivos que permiti\u00f3 la consolidaci\u00f3n de este proyecto\u201d. Del mismo modo, desde el Museo Regional indican que durante el segundo trimestre del 2026, con el objetivo de cumplir la misi\u00f3n de fomentar a las diversas \u00e1reas de investigaci\u00f3n a nivel local, se implementar\u00e1 el acceso a sus colecciones y \u00e1reas de conservaci\u00f3n, habilitados con equipos de \u00faltima tecnolog\u00eda, permitiendo seguir potenciando la puesta en valor del patrimonio cultural y<\/p>\n<p>natural de la zona. Finalmente, la biblioteca patrimonial se encuentra preparando cat\u00e1logos en l\u00ednea para disponerlos al p\u00fablico interesado y otorgar acceso a investigadores.<\/p>\n<p>Cabe destacar, que el horario de funcionamiento regular del Museo Regional de Atacama es de martes a viernes, de 10:00 a 18:00 horas, y los d\u00edas s\u00e1bado, de 10:00 a 14:00 horas, facilitando el acceso permanente de la comunidad, visitantes y turistas.<\/p>\n","protected":false},"excerpt":{"rendered":"<p>Desde su apertura al p\u00fablico, este nuevo espacio patrimonial de la regi\u00f3n, que marca un hito para la descentralizaci\u00f3n y el fortalecimiento de la identidad&hellip; <\/p>\n","protected":false},"author":7,"featured_media":98974,"comment_status":"closed","ping_status":"closed","sticky":false,"template":"","format":"standard","meta":{"footnotes":""},"categories":[38],"tags":[],"class_list":["post-98973","post","type-post","status-publish","format-standard","has-post-thumbnail","hentry","category-portada-regional"],"_links":{"self":[{"href":"https:\/\/www.radioamigavallenar.cl\/index.php?rest_route=\/wp\/v2\/posts\/98973","targetHints":{"allow":["GET"]}}],"collection":[{"href":"https:\/\/www.radioamigavallenar.cl\/index.php?rest_route=\/wp\/v2\/posts"}],"about":[{"href":"https:\/\/www.radioamigavallenar.cl\/index.php?rest_route=\/wp\/v2\/types\/post"}],"author":[{"embeddable":true,"href":"https:\/\/www.radioamigavallenar.cl\/index.php?rest_route=\/wp\/v2\/users\/7"}],"replies":[{"embeddable":true,"href":"https:\/\/www.radioamigavallenar.cl\/index.php?rest_route=%2Fwp%2Fv2%2Fcomments&post=98973"}],"version-history":[{"count":1,"href":"https:\/\/www.radioamigavallenar.cl\/index.php?rest_route=\/wp\/v2\/posts\/98973\/revisions"}],"predecessor-version":[{"id":98975,"href":"https:\/\/www.radioamigavallenar.cl\/index.php?rest_route=\/wp\/v2\/posts\/98973\/revisions\/98975"}],"wp:featuredmedia":[{"embeddable":true,"href":"https:\/\/www.radioamigavallenar.cl\/index.php?rest_route=\/wp\/v2\/media\/98974"}],"wp:attachment":[{"href":"https:\/\/www.radioamigavallenar.cl\/index.php?rest_route=%2Fwp%2Fv2%2Fmedia&parent=98973"}],"wp:term":[{"taxonomy":"category","embeddable":true,"href":"https:\/\/www.radioamigavallenar.cl\/index.php?rest_route=%2Fwp%2Fv2%2Fcategories&post=98973"},{"taxonomy":"post_tag","embeddable":true,"href":"https:\/\/www.radioamigavallenar.cl\/index.php?rest_route=%2Fwp%2Fv2%2Ftags&post=98973"}],"curies":[{"name":"wp","href":"https:\/\/api.w.org\/{rel}","templated":true}]}}