{"id":98970,"date":"2026-02-27T00:00:53","date_gmt":"2026-02-27T03:00:53","guid":{"rendered":"https:\/\/www.radioamigavallenar.cl\/?p=98970"},"modified":"2026-02-26T23:55:33","modified_gmt":"2026-02-27T02:55:33","slug":"ministerio-de-energia-y-agenciase-publican-licitacion-para-implementar-el-programa-agua-rural-solar-en-atacama","status":"publish","type":"post","link":"https:\/\/www.radioamigavallenar.cl\/?p=98970","title":{"rendered":"Ministerio de Energ\u00eda y AgenciaSE publican licitaci\u00f3n para implementar el programa Agua Rural Solar en Atacama"},"content":{"rendered":"<p>\u00b7 El proceso contempla la instalaci\u00f3n de 34 sistemas fotovoltaicos conectados a la red en tres macrozonas: Atacama, Coquimbo y Metropolitana; O\u2019Higgins y Maule; y \u00d1uble, Los R\u00edos y Los Lagos.<\/p>\n<p>En una regi\u00f3n que concentra altos \u00edndices de radiaci\u00f3n solar, el Ministerio de Energ\u00eda y la Agencia de Sostenibilidad Energ\u00e9tica abrieron una nueva etapa para fortalecer la infraestructura de los servicios sanitarios rurales. Ambas instituciones publicaron la licitaci\u00f3n p\u00fablica para la \u201cImplementaci\u00f3n de Sistemas Fotovoltaicos Conectados a la Red en Servicios Sanitarios Rurales en 3 Zonas del Pa\u00eds, convocatoria Agua Rural Solar\u201d (ID 623663-4-LR26).<\/p>\n<p>El proceso contempla la instalaci\u00f3n de 34 sistemas fotovoltaicos conectados a la red en tres macrozonas: Atacama, Coquimbo y Metropolitana; O\u2019Higgins y Maule; y \u00d1uble, Los R\u00edos y Los Lagos. La iniciativa representa una oportunidad concreta para reducir costos operativos en los sistemas de agua rural, mejorar la estabilidad energ\u00e9tica y avanzar en una gesti\u00f3n m\u00e1s eficiente y sostenible.<\/p>\n<p>Al respecto, la seremi de Energ\u00eda de Atacama, Yenny Valenzuela Araya, afirm\u00f3 que: \u201cEn Atacama sabemos que cada gota cuenta. En este sentido, incorporar sistemas fotovoltaicos en nuestros servicios sanitarios rurales significa reducir costos de operaci\u00f3n, dar mayor estabilidad al suministro de agua y avanzar en justicia territorial. Este programa no solo impulsa la transici\u00f3n energ\u00e9tica, sino que mejora directamente la calidad de vida de nuestras comunidades rurales, utilizando el enorme potencial solar que caracteriza a nuestra regi\u00f3n\u201d.<\/p>\n<p>Los proyectos ser\u00e1n financiados con aportes del Programa de Desarrollo Productivo Sostenible (SSR), coordinado por el Comit\u00e9 de Ministros y Ministras para el Desarrollo Productivo Sostenible, presidido por el Ministerio de Econom\u00eda, Fomento y Turismo. La licitaci\u00f3n se enmarca en la pol\u00edtica de compras p\u00fablicas de la instituci\u00f3n, basada en principios de transparencia, eficiencia y uso responsable de los recursos, por lo que las empresas interesadas deber\u00e1n postular a trav\u00e9s del portal Mercado P\u00fablico y contar con una cuenta activa.<\/p>\n<p>Fechas clave del proceso:<\/p>\n<p>\u2022 Cierre de preguntas: 10 de marzo de 2026, 15:00 horas.<\/p>\n<p>\u2022 Publicaci\u00f3n de respuestas: 17 de marzo de 2026, 23:59 horas.<\/p>\n<p>\u2022 Cierre de recepci\u00f3n de ofertas: 27 de marzo de 2026, 12:00 horas.<\/p>\n<p>&nbsp;<\/p>\n<p>Las bases administrativas y t\u00e9cnicas ya se encuentran disponibles en la plataforma, donde las empresas pueden revisar los antecedentes y presentar sus ofertas dentro de los plazos establecidos.<\/p>\n<p>\u201cInvitamos a las empresas con experiencia en sistemas fotovoltaicos conectados a la red a revisar las bases y participar de este proceso licitatorio. Queremos que m\u00e1s actores se sumen a este desaf\u00edo pa\u00eds, aportando innovaci\u00f3n, calidad t\u00e9cnica y compromiso con el desarrollo sostenible de nuestras regiones, especialmente en Atacama\u201d, cerr\u00f3 la secretaria regional de Energ\u00eda.<\/p>\n","protected":false},"excerpt":{"rendered":"<p>\u00b7 El proceso contempla la instalaci\u00f3n de 34 sistemas fotovoltaicos conectados a la red en tres macrozonas: Atacama, Coquimbo y Metropolitana; O\u2019Higgins y Maule; y&hellip; <\/p>\n","protected":false},"author":7,"featured_media":98971,"comment_status":"closed","ping_status":"closed","sticky":false,"template":"","format":"standard","meta":{"footnotes":""},"categories":[7],"tags":[],"class_list":["post-98970","post","type-post","status-publish","format-standard","has-post-thumbnail","hentry","category-atacama"],"_links":{"self":[{"href":"https:\/\/www.radioamigavallenar.cl\/index.php?rest_route=\/wp\/v2\/posts\/98970","targetHints":{"allow":["GET"]}}],"collection":[{"href":"https:\/\/www.radioamigavallenar.cl\/index.php?rest_route=\/wp\/v2\/posts"}],"about":[{"href":"https:\/\/www.radioamigavallenar.cl\/index.php?rest_route=\/wp\/v2\/types\/post"}],"author":[{"embeddable":true,"href":"https:\/\/www.radioamigavallenar.cl\/index.php?rest_route=\/wp\/v2\/users\/7"}],"replies":[{"embeddable":true,"href":"https:\/\/www.radioamigavallenar.cl\/index.php?rest_route=%2Fwp%2Fv2%2Fcomments&post=98970"}],"version-history":[{"count":1,"href":"https:\/\/www.radioamigavallenar.cl\/index.php?rest_route=\/wp\/v2\/posts\/98970\/revisions"}],"predecessor-version":[{"id":98972,"href":"https:\/\/www.radioamigavallenar.cl\/index.php?rest_route=\/wp\/v2\/posts\/98970\/revisions\/98972"}],"wp:featuredmedia":[{"embeddable":true,"href":"https:\/\/www.radioamigavallenar.cl\/index.php?rest_route=\/wp\/v2\/media\/98971"}],"wp:attachment":[{"href":"https:\/\/www.radioamigavallenar.cl\/index.php?rest_route=%2Fwp%2Fv2%2Fmedia&parent=98970"}],"wp:term":[{"taxonomy":"category","embeddable":true,"href":"https:\/\/www.radioamigavallenar.cl\/index.php?rest_route=%2Fwp%2Fv2%2Fcategories&post=98970"},{"taxonomy":"post_tag","embeddable":true,"href":"https:\/\/www.radioamigavallenar.cl\/index.php?rest_route=%2Fwp%2Fv2%2Ftags&post=98970"}],"curies":[{"name":"wp","href":"https:\/\/api.w.org\/{rel}","templated":true}]}}