{"id":98964,"date":"2026-02-27T00:00:54","date_gmt":"2026-02-27T03:00:54","guid":{"rendered":"https:\/\/www.radioamigavallenar.cl\/?p=98964"},"modified":"2026-02-26T23:52:57","modified_gmt":"2026-02-27T02:52:57","slug":"futuro-biministro-de-economia-y-mineria-lo-que-estan-haciendo-en-atacama-a-traves-de-corproa-es-realmente-notable","status":"publish","type":"post","link":"https:\/\/www.radioamigavallenar.cl\/?p=98964","title":{"rendered":"Futuro biministro de Econom\u00eda y Miner\u00eda: \u201clo que est\u00e1n haciendo en Atacama a trav\u00e9s de CORPROA es realmente notable\u201d"},"content":{"rendered":"<p>El futuro biministro y el subsecretario de Miner\u00eda sostuvieron una reuni\u00f3n que tuvo como objetivo afianzar los v\u00ednculos con CORPROA y conocer los desaf\u00edos de las empresas mineras socias de la Corporaci\u00f3n.<\/p>\n<p>En las dependencias de la Corporaci\u00f3n para el Desarrollo de la Regi\u00f3n de Atacama, el pr\u00f3ximo biministro de Econom\u00eda y Miner\u00eda, Daniel Mas, el pr\u00f3ximo subsecretario de Miner\u00eda \u00c1lvaro Gonz\u00e1lez, el diputado electo Ignacio Urcull\u00fa y la diputada Sof\u00eda Cid, pr\u00f3xima Delegada Presidencial Regional, se reunieron con Juan Jos\u00e9 Ronsecco, Presidente de CORPROA, el Directorio y altos ejecutivos de las empresas mineras socias de la Corporaci\u00f3n.<\/p>\n<p>En esta reuni\u00f3n, CORPROA present\u00f3 al futuro biministro un resumen de la inversi\u00f3n minera proyectada para los pr\u00f3ximos a\u00f1os, el crecimiento de EXPO FOREDE, el trabajo del Cluster Minero y los desaf\u00edos estructurales de la regi\u00f3n para transformar esa inversi\u00f3n en desarrollo, afianzando los v\u00ednculos entre la industria minera regional y las futuras autoridades.<\/p>\n<p>\u201cEn nombre de CORPROA, agradezco la visita de Daniel Mas y \u00c1lvaro Gonz\u00e1lez. Es un privilegio poder exponer la actualidad de nuestra principal industria y los desaf\u00edos que enfrentamos a futuras autoridades del pa\u00eds, lo que deja de manifiesto el inter\u00e9s por nuestra regi\u00f3n y por seguir fortaleciendo la alianza p\u00fablico-privada en el pr\u00f3ximo gobierno. Nuestra Corporaci\u00f3n est\u00e1 trabajando fuertemente en los desaf\u00edos que tenemos por delante y esta reuni\u00f3n reafirma el sentido y los objetivos de que nos hemos trazado\u201d, coment\u00f3 Juan Jos\u00e9 Ronsecco, Presidente de CORPROA.<\/p>\n<p>Para la diputada y pr\u00f3xima Delegada Presidencial Regional Sof\u00eda Cid \u201ces un honor que la primera regi\u00f3n que visiten sea Atacama. Tuvimos dos instancias muy claras: con los gremios de peque\u00f1os mineros de toda la regi\u00f3n, que nos plantearon la necesidad de certezas, gradualidad en los costos y permisos m\u00e1s \u00e1giles; y en el encuentro organizado por CORPROA conversamos con las empresas sobre algo de fondo: Atacama no puede seguir sinti\u00e9ndose postergada, siendo una regi\u00f3n que produce y financia, pero donde el retorno no siempre se ve en la vida diaria. Desde el 11 de marzo, cuando asuma este desaf\u00edo, quiero trabajarlo en conjunto, para que los recursos que genera Atacama se queden y se sientan en Atacama\u201d.<\/p>\n<p>De acuerdo al futuro biministro de Miner\u00eda y Econom\u00eda,\u00bbprivilegiamos venir a la Regi\u00f3n de Atacama a conversar con peque\u00f1os mineros y los socios de CORPROA, porque es una regi\u00f3n que tiene una particularidad, un gran peak de inversi\u00f3n. Es una regi\u00f3n que puede dar un salto de desarrollo en los pr\u00f3ximos a\u00f1os y queremos ver como los podemos ayudar como Gobierno, como podemos darles certeza para que puedan invertir, facilitarles toda la tramitaci\u00f3n de permisos y sin duda que las empresas pongan de su parte con inversi\u00f3n y generando buen empleo para cambiarle la calidad de vida a las personas\u00bb.<\/p>\n<p>Respecto a la importancia del Cluster Minero que funciona al alero de CORPROA, Daniel Mas dijo que \u00abel Cluster hace que el ecosistema completo se desarrolle. Aparte de desarrollar miner\u00eda, nosotros creemos que hay un potencial gigantesco de servicios mineros en Chile. Lo que est\u00e1n haciendo en Atacama a trav\u00e9s de CORPROA es realmente notable y vamos a estar apoy\u00e1ndolos desde la cartera de Miner\u00eda, ese es el mandato que nos ha dado el Presidente Kast, de destrabar inversi\u00f3n, generar crecimiento y cambiar la calidad de vida a la gente\u00bb.<\/p>\n<p>En esta reuni\u00f3n participaron, junto a las futuras autoridades y el directorio de CORPROA, altos ejecutivos de las empresas mineras Lundin Mining, Capstone Copper, SCM Carola, Gold Fields, Salar Blanco, Salar de Maricunga, Nuevo Cobre, CMP, Minera Altair, Norte Abierto, Nueva Uni\u00f3n, Kinross, Pucobre, Barrick y Codelco Salvador.<\/p>\n","protected":false},"excerpt":{"rendered":"<p>El futuro biministro y el subsecretario de Miner\u00eda sostuvieron una reuni\u00f3n que tuvo como objetivo afianzar los v\u00ednculos con CORPROA y conocer los desaf\u00edos de&hellip; <\/p>\n","protected":false},"author":7,"featured_media":98965,"comment_status":"closed","ping_status":"closed","sticky":false,"template":"","format":"standard","meta":{"footnotes":""},"categories":[7],"tags":[],"class_list":["post-98964","post","type-post","status-publish","format-standard","has-post-thumbnail","hentry","category-atacama"],"_links":{"self":[{"href":"https:\/\/www.radioamigavallenar.cl\/index.php?rest_route=\/wp\/v2\/posts\/98964","targetHints":{"allow":["GET"]}}],"collection":[{"href":"https:\/\/www.radioamigavallenar.cl\/index.php?rest_route=\/wp\/v2\/posts"}],"about":[{"href":"https:\/\/www.radioamigavallenar.cl\/index.php?rest_route=\/wp\/v2\/types\/post"}],"author":[{"embeddable":true,"href":"https:\/\/www.radioamigavallenar.cl\/index.php?rest_route=\/wp\/v2\/users\/7"}],"replies":[{"embeddable":true,"href":"https:\/\/www.radioamigavallenar.cl\/index.php?rest_route=%2Fwp%2Fv2%2Fcomments&post=98964"}],"version-history":[{"count":1,"href":"https:\/\/www.radioamigavallenar.cl\/index.php?rest_route=\/wp\/v2\/posts\/98964\/revisions"}],"predecessor-version":[{"id":98966,"href":"https:\/\/www.radioamigavallenar.cl\/index.php?rest_route=\/wp\/v2\/posts\/98964\/revisions\/98966"}],"wp:featuredmedia":[{"embeddable":true,"href":"https:\/\/www.radioamigavallenar.cl\/index.php?rest_route=\/wp\/v2\/media\/98965"}],"wp:attachment":[{"href":"https:\/\/www.radioamigavallenar.cl\/index.php?rest_route=%2Fwp%2Fv2%2Fmedia&parent=98964"}],"wp:term":[{"taxonomy":"category","embeddable":true,"href":"https:\/\/www.radioamigavallenar.cl\/index.php?rest_route=%2Fwp%2Fv2%2Fcategories&post=98964"},{"taxonomy":"post_tag","embeddable":true,"href":"https:\/\/www.radioamigavallenar.cl\/index.php?rest_route=%2Fwp%2Fv2%2Ftags&post=98964"}],"curies":[{"name":"wp","href":"https:\/\/api.w.org\/{rel}","templated":true}]}}