{"id":98958,"date":"2026-02-26T12:16:39","date_gmt":"2026-02-26T15:16:39","guid":{"rendered":"https:\/\/www.radioamigavallenar.cl\/?p=98958"},"modified":"2026-02-26T12:16:39","modified_gmt":"2026-02-26T15:16:39","slug":"campana-2026-contra-la-influenza-estos-grupos-deben-vacunarse-obligatoriamente-a-partir-del-domingo","status":"publish","type":"post","link":"https:\/\/www.radioamigavallenar.cl\/?p=98958","title":{"rendered":"Campa\u00f1a 2026 contra la Influenza: estos grupos deben vacunarse obligatoriamente a partir del domingo"},"content":{"rendered":"<p>Este domingo 1 de marzo comienza oficialmente la\u00a0<strong>Campa\u00f1a de Vacunaci\u00f3n e Inmunizaci\u00f3n 2026<\/strong>\u00a0contra la Influenza. De acuerdo con el decreto\u00a0<a href=\"https:\/\/www.diariooficial.interior.gob.cl\/publicaciones\/2026\/02\/05\/44368\/01\/2759430.pdf\" target=\"_blank\" rel=\"noopener\">publicado el pasado 5 de febrero<\/a>, la meta es\u00a0<span class=\"destacador destacado\">alcanzar un 85% de cobertura<\/span>\u00a0a nivel nacional en cada uno de los grupos definidos.<\/p>\n<p>De acuerdo con lo establecido por la autoridad sanitaria, la vacunaci\u00f3n obligatoria contra la influenza est\u00e1 dirigida a\u00a0<span class=\"destacador destacado\">personal de salud, adultos mayores, enfermos cr\u00f3nicos, gestantes, lactantes y escolares.<\/span> No obstante, se anima a toda la poblaci\u00f3n a recibir la dosis para alcanzar la cobertura necesaria.<\/p>\n<p>La influenza es\u00a0<strong>una enfermedad viral altamente contagiosa<\/strong>\u00a0que se transmite a trav\u00e9s de secreciones y gotas que contienen el virus. Aunque en muchos casos puede experimentarse como un resfriado fuerte, existe el riesgo de\u00a0<strong>desarrollar complicaciones como neumon\u00eda y bronquitis severa, lo que puede llegar a ser mortal.<\/strong><\/p>\n<p>En ese sentido,\u00a0<span class=\"destacador destacado\">vacunarse oportunamente reduce significativamente la posibilidad de sufrir estas complicaciones,<\/span>\u00a0donde los m\u00e1s vulnerables son, precisamente, los grupos de riesgo.<\/p>\n<h2 style=\"text-align: center;\">Qui\u00e9nes deben vacunarse obligatoriamente contra la Influenza<\/h2>\n<p>A continuaci\u00f3n, se detalla a qui\u00e9nes les corresponde vacunarse obligatoriamente contra la Influenza, dosis que adem\u00e1s\u00a0<span class=\"destacador destacado\">es completamente\u00a0<strong>gratuita.<\/strong><\/span><\/p>\n<p><strong>1. Personal de salud,<\/strong>\u00a0es decir, todos aquellos que desempe\u00f1an sus labores en establecimientos asistenciales p\u00fablicos, privados o institucionales que cuentan con unidades de atenci\u00f3n de urgencias y\/o servicios de hospitalizaci\u00f3n que desempe\u00f1en labores de atenci\u00f3n directa o cercana (dentro de 1 metro de distancia) con usuarios o enfermos.<\/p>\n<p>2. Personas de\u00a0<strong>60 y m\u00e1s a\u00f1os.<\/strong><\/p>\n<p><strong>3. Enfermos cr\u00f3nicos,<\/strong>\u00a0entre los 11 y 59 a\u00f1os, portadores de alguna de las siguientes condiciones de riesgo:<\/p>\n<blockquote><p>\u2022 Enfermedad pulmonar cr\u00f3nica (asma bronquial, enfermedad pulmonar obstructiva cr\u00f3nica (EPOC), fibrosis qu\u00edstica, fibrosis pulmonar de cualquier causa).<br \/>\n\u2022 Enfermedad neurol\u00f3gica (neuromusculares cong\u00e9nitas o adquiridas, que determinan trastornos de la degluci\u00f3n o del manejo de secreciones respiratorias, epilepsia refractaria a tratamiento).<br \/>\n\u2022 Enfermedad renal cr\u00f3nica (Enfermedad renal en etapa 4 o mayor, di\u00e1lisis).<br \/>\n\u2022 Enfermedad hep\u00e1tica cr\u00f3nica (cirrosis, hepatitis cr\u00f3nica, hepatopat\u00edas).<br \/>\n\u2022 Enfermedades metab\u00f3licas (diabetes mellitus, enfermedades cong\u00e9nitas del metabolismo).<br \/>\n\u2022 Cardiopat\u00edas (cong\u00e9nitas, reum\u00e1tica, isqu\u00e9mica y miocardiopat\u00edas de cualquier causa).<br \/>\n\u2022 Hipertensos en tratamiento farmacol\u00f3gico.<br \/>\n\u2022 Obesidad (IMC &gt;30 en adultos y en adolescentes IMC &gt;+2 DE).<br \/>\n\u2022 Enfermedades mentales graves (Esquizofrenia, Trastorno bipolar).<br \/>\n\u2022 Personas en tratamiento por tuberculosis (TBC) activa, o dentro de los 6 meses posteriores al t\u00e9rmino del tratamiento.<br \/>\n\u2022 Enfermedad autoinmune (lupus, esclerodermia, artritis reumatoide, enfermedad de Crohn, y otras).<br \/>\n\u2022 C\u00e1ncer en tratamiento con radioterapia, quimioterapia, terapias hormonales o medidas paliativas de cualquier tipo.<br \/>\n\u2022 Inmunodeficiencias cong\u00e9nitas o adquiridas.<\/p><\/blockquote>\n<p><strong>4. Gestantes,<\/strong>\u00a0en cualquier etapa del embarazo.<\/p>\n<p><strong>5. Lactantes y escolares,<\/strong>\u00a0desde los 6 meses y hasta 5\u00ba a\u00f1o b\u00e1sico.<\/p>\n<p><strong>6. Estrategia capullo<\/strong>\u00a0para familiares de lactantes prematuros de &lt;37 semanas.\u00a0<strong>7. Estrategia capullo<\/strong>\u00a0para familiares de lactantes inmunosuprimidos menores de 6 meses.<\/p>\n<p><strong>8. Trabajadores de la educaci\u00f3n<\/strong>\u00a0preescolar y escolar hasta 8\u00ba a\u00f1o b\u00e1sico.<\/p>\n<p>9. Trabajadores de\u00a0<strong>av\u00edcolas, ganaderas y criaderos de cerdos.<\/strong><\/p>\n<p><strong>10. Cuidadores de adultos mayores<\/strong>\u00a0y funcionarios de los Establecimientos de Larga Estad\u00eda para Adultos Mayores (Eleam).<\/p>\n","protected":false},"excerpt":{"rendered":"<p>Este domingo 1 de marzo comienza oficialmente la\u00a0Campa\u00f1a de Vacunaci\u00f3n e Inmunizaci\u00f3n 2026\u00a0contra la Influenza. De acuerdo con el decreto\u00a0publicado el pasado 5 de febrero,&hellip; <\/p>\n","protected":false},"author":7,"featured_media":98959,"comment_status":"closed","ping_status":"closed","sticky":false,"template":"","format":"standard","meta":{"footnotes":""},"categories":[37],"tags":[],"class_list":["post-98958","post","type-post","status-publish","format-standard","has-post-thumbnail","hentry","category-nacional"],"_links":{"self":[{"href":"https:\/\/www.radioamigavallenar.cl\/index.php?rest_route=\/wp\/v2\/posts\/98958","targetHints":{"allow":["GET"]}}],"collection":[{"href":"https:\/\/www.radioamigavallenar.cl\/index.php?rest_route=\/wp\/v2\/posts"}],"about":[{"href":"https:\/\/www.radioamigavallenar.cl\/index.php?rest_route=\/wp\/v2\/types\/post"}],"author":[{"embeddable":true,"href":"https:\/\/www.radioamigavallenar.cl\/index.php?rest_route=\/wp\/v2\/users\/7"}],"replies":[{"embeddable":true,"href":"https:\/\/www.radioamigavallenar.cl\/index.php?rest_route=%2Fwp%2Fv2%2Fcomments&post=98958"}],"version-history":[{"count":1,"href":"https:\/\/www.radioamigavallenar.cl\/index.php?rest_route=\/wp\/v2\/posts\/98958\/revisions"}],"predecessor-version":[{"id":98960,"href":"https:\/\/www.radioamigavallenar.cl\/index.php?rest_route=\/wp\/v2\/posts\/98958\/revisions\/98960"}],"wp:featuredmedia":[{"embeddable":true,"href":"https:\/\/www.radioamigavallenar.cl\/index.php?rest_route=\/wp\/v2\/media\/98959"}],"wp:attachment":[{"href":"https:\/\/www.radioamigavallenar.cl\/index.php?rest_route=%2Fwp%2Fv2%2Fmedia&parent=98958"}],"wp:term":[{"taxonomy":"category","embeddable":true,"href":"https:\/\/www.radioamigavallenar.cl\/index.php?rest_route=%2Fwp%2Fv2%2Fcategories&post=98958"},{"taxonomy":"post_tag","embeddable":true,"href":"https:\/\/www.radioamigavallenar.cl\/index.php?rest_route=%2Fwp%2Fv2%2Ftags&post=98958"}],"curies":[{"name":"wp","href":"https:\/\/api.w.org\/{rel}","templated":true}]}}