{"id":98864,"date":"2026-02-24T12:02:55","date_gmt":"2026-02-24T15:02:55","guid":{"rendered":"https:\/\/www.radioamigavallenar.cl\/?p=98864"},"modified":"2026-02-24T12:02:55","modified_gmt":"2026-02-24T15:02:55","slug":"joven-atacameno-obtiene-primer-lugar-nacional-en-concurso-literario-de-injuv","status":"publish","type":"post","link":"https:\/\/www.radioamigavallenar.cl\/?p=98864","title":{"rendered":"Joven atacame\u00f1o obtiene primer lugar nacional en concurso literario de INJUV"},"content":{"rendered":"<p>Fernando Astudillo Osorio, joven copiapino de 25 a\u00f1os, obtuvo el primer lugar nacional, en la categor\u00eda de 25-29 a\u00f1os, de la IX versi\u00f3n del concurso literario \u201cMicrorrecados de las juventudes al pa\u00eds\u201d incentivado por el Instituto Nacional de la Juventud.<\/p>\n<p>El certamen, anual y de alcance nacional, tiene como objetivo principal relevar la creatividad, la expresi\u00f3n literaria y las voces de las juventudes del pa\u00eds, promoviendo la escritura como herramienta de reflexi\u00f3n, identidad y participaci\u00f3n cultural. En esta oportunidad, la iniciativa estuvo inspirada en la 80\u00b0 conmemoraci\u00f3n de la entrega del Premio Nobel de Literatura a la poetisa chilena Gabriela Mistral.<\/p>\n<p>Gracias a su relato, Fernando Astudillo Osorio fue distinguido con un set de 15 libros y un premio en dinero de $500.000 pesos. Adem\u00e1s, se consolida como un referente emergente de la creaci\u00f3n literaria joven a nivel nacional y, posiciona a la regi\u00f3n de Atacama en un lugar destacado dentro del panorama cultural juvenil.<\/p>\n<div class=\"code-block code-block-3\">\n<div id=\"sas_99435\"><\/div>\n<\/div>\n<p>Desde INJUV Atacama valoraron este logro como una muestra del potencial creativo existente en el territorio y del impacto que tienen este tipo de iniciativas en la promoci\u00f3n de las artes y la cultura entre las juventudes.<\/p>\n<p>Carla Porra \u00c1vila, directora (s) de INJUV Atacama, destac\u00f3 que \u201cesto marca un hito, ya que en a\u00f1os anteriores la mayor\u00eda de los ganadores pertenecen a la Regi\u00f3n Metropolitana, y ahora nuestra regi\u00f3n se posiciona como referente en la literatura juvenil a nivel nacional. As\u00ed que estamos muy orgullosos de Fernando\u201d.<\/p>\n<p>Por su parte, el joven ganador destac\u00f3 que \u00e9l es muy disciplinado y cuenta con una rutina que incluye realizar ejercicios y dos horas dedicadas netamente a la lectura. La inspiraci\u00f3n viene de sus padres y abuelos quienes desde peque\u00f1o le le\u00edan diversos libros, adem\u00e1s de los pa\u00edses que ha recorrido en Latinoam\u00e9rica.<\/p>\n<p>Mar\u00eda Eugenia Osorio, mam\u00e1 de Fernando, explica que \u201c\u00e9l recorri\u00f3 con mochila varios pa\u00edses del cono sur y eso le ha dado perspectivas m\u00e1s amplias que uno puede tener viviendo siempre en un mismo lugar\u201d.<\/p>\n<div class=\"code-block code-block-4\">\n<div id=\"sas_99072\"><\/div>\n<\/div>\n<p>Por su parte, el pap\u00e1 del joven, Fernando Astudillo, menciona que \u201c\u00e9l tuvo un accidente en moto, y estuvo muy mal, estaba en una fase de negaci\u00f3n. Pero toda su experiencia de vida y los viajes que ha realizado, lo han llevado a ser quien es hoy\u201d.<\/p>\n<p>Respecto al relato de Fernando, se denomina \u201cDel Mar y Los Andes\u201d y retrata en breves caracteres la historia de Chile desde las culturas ancestrales hasta la modernizaci\u00f3n del per\u00edodo actual.<\/p>\n<p>\u201cComo el concurso estaba inspirado en Gabriela Mistral, le\u00ed sobre ella y sus obras. Extraje las formas literarias que ella usaba como la met\u00e1fora y la personificaci\u00f3n, como tambi\u00e9n, su forma de ver las cosas. As\u00ed que, decid\u00ed escribir sobre Chile como un hijo, donde la mam\u00e1 es la monta\u00f1a y el pap\u00e1 es el mar\u201d, coment\u00f3 Fernando Astudillo Osorio.<\/p>\n<p>El concurso \u201cMicrorrelatos de las juventudes al pa\u00eds\u201d se ha consolidado, a lo largo de sus nueve versiones, como una plataforma fundamental para visibilizar las miradas, experiencias y sensibilidades de las juventudes chilenas, fortaleciendo el v\u00ednculo entre cultura, educaci\u00f3n y participaci\u00f3n juvenil. Para leer el listado de j\u00f3venes ganadores y sus relatos, lo encuentran en injuv.gob.cl<\/p>\n","protected":false},"excerpt":{"rendered":"<p>Fernando Astudillo Osorio, joven copiapino de 25 a\u00f1os, obtuvo el primer lugar nacional, en la categor\u00eda de 25-29 a\u00f1os, de la IX versi\u00f3n del concurso&hellip; <\/p>\n","protected":false},"author":7,"featured_media":98865,"comment_status":"closed","ping_status":"closed","sticky":false,"template":"","format":"standard","meta":{"footnotes":""},"categories":[7],"tags":[],"class_list":["post-98864","post","type-post","status-publish","format-standard","has-post-thumbnail","hentry","category-atacama"],"_links":{"self":[{"href":"https:\/\/www.radioamigavallenar.cl\/index.php?rest_route=\/wp\/v2\/posts\/98864","targetHints":{"allow":["GET"]}}],"collection":[{"href":"https:\/\/www.radioamigavallenar.cl\/index.php?rest_route=\/wp\/v2\/posts"}],"about":[{"href":"https:\/\/www.radioamigavallenar.cl\/index.php?rest_route=\/wp\/v2\/types\/post"}],"author":[{"embeddable":true,"href":"https:\/\/www.radioamigavallenar.cl\/index.php?rest_route=\/wp\/v2\/users\/7"}],"replies":[{"embeddable":true,"href":"https:\/\/www.radioamigavallenar.cl\/index.php?rest_route=%2Fwp%2Fv2%2Fcomments&post=98864"}],"version-history":[{"count":1,"href":"https:\/\/www.radioamigavallenar.cl\/index.php?rest_route=\/wp\/v2\/posts\/98864\/revisions"}],"predecessor-version":[{"id":98866,"href":"https:\/\/www.radioamigavallenar.cl\/index.php?rest_route=\/wp\/v2\/posts\/98864\/revisions\/98866"}],"wp:featuredmedia":[{"embeddable":true,"href":"https:\/\/www.radioamigavallenar.cl\/index.php?rest_route=\/wp\/v2\/media\/98865"}],"wp:attachment":[{"href":"https:\/\/www.radioamigavallenar.cl\/index.php?rest_route=%2Fwp%2Fv2%2Fmedia&parent=98864"}],"wp:term":[{"taxonomy":"category","embeddable":true,"href":"https:\/\/www.radioamigavallenar.cl\/index.php?rest_route=%2Fwp%2Fv2%2Fcategories&post=98864"},{"taxonomy":"post_tag","embeddable":true,"href":"https:\/\/www.radioamigavallenar.cl\/index.php?rest_route=%2Fwp%2Fv2%2Ftags&post=98864"}],"curies":[{"name":"wp","href":"https:\/\/api.w.org\/{rel}","templated":true}]}}