{"id":9869,"date":"2018-05-14T10:53:03","date_gmt":"2018-05-14T13:53:03","guid":{"rendered":"http:\/\/www.radioamigavallenar.cl\/?p=9869"},"modified":"2018-05-14T10:53:03","modified_gmt":"2018-05-14T13:53:03","slug":"senadora-yasna-provoste-celebro-el-dia-de-la-madre-con-mujeres-de-atacama","status":"publish","type":"post","link":"https:\/\/www.radioamigavallenar.cl\/?p=9869","title":{"rendered":"Senadora Yasna Provoste celebr\u00f3 el D\u00eda de la Madre con mujeres de Atacama"},"content":{"rendered":"<p style=\"text-align: justify;\"><a href=\"http:\/\/www.radioamigavallenar.cl\/wp-content\/uploads\/2018\/05\/Provoste-dia-de-la-madre.jpg\"><img loading=\"lazy\" decoding=\"async\" class=\" size-medium wp-image-9870 aligncenter\" src=\"http:\/\/www.radioamigavallenar.cl\/wp-content\/uploads\/2018\/05\/Provoste-dia-de-la-madre-300x225.jpg\" alt=\"Provoste dia de la madre\" width=\"300\" height=\"225\" srcset=\"https:\/\/www.radioamigavallenar.cl\/wp-content\/uploads\/2018\/05\/Provoste-dia-de-la-madre-300x225.jpg 300w, https:\/\/www.radioamigavallenar.cl\/wp-content\/uploads\/2018\/05\/Provoste-dia-de-la-madre.jpg 700w\" sizes=\"auto, (max-width: 300px) 100vw, 300px\" \/><\/a><\/p>\n<p style=\"text-align: justify;\">En un recorrido por Atacama, la senadora Yasna Provoste particip\u00f3 de la celebraci\u00f3n del D\u00eda de la Madre en distintas comunas de la regi\u00f3n como Copiap\u00f3, Paipote, Freirina, Huasco y Vallenar.<\/p>\n<p style=\"text-align: justify;\">En Paipote, acompa\u00f1ada del exintendente Miguel Vargas, la senadora Provoste celebr\u00f3 junto a mujeres de los sectores Llanos 5, Emporio y central Paipote.<\/p>\n<p style=\"text-align: justify;\">Posteriormente, Provoste se traslad\u00f3 a las comunas de Freirina y Huasco donde junto a los alcaldes C\u00e9sar Orellana y Rodrigo Loyola, respectivamente, particip\u00f3 de las celebraciones que cont\u00f3 con amplia asistencia de mujeres, espect\u00e1culos art\u00edsticos y karaoke.<\/p>\n<p style=\"text-align: justify;\">Asimismo, la legisladora comparti\u00f3 en Vallenar con sus mujeres de la Democracia Cristiana finalizando en un gran espect\u00e1culo preparado por la Municipalidad de Vallenar en el estadio techado del Liceo Pedro Troncoso Machuca, evento que cont\u00f3 con el doble oficial de Sandro.<\/p>\n<p style=\"text-align: justify;\">En esta \u00faltima conmemoraci\u00f3n, la senadora lleg\u00f3 acompa\u00f1ada de su madre Nelly Campillay, quien fue reconocida por el alcalde Cristian Tapia, entre otras dirigentes sociales, por su rol como madre de cuatro hijos, empresaria trabajadora y por su compromiso con la comunidad de Vallenar en distintas acciones sociales.<\/p>\n<p style=\"text-align: justify;\">\u00abHemos querido compartir con mujeres y madres de distintas organizaciones de nuestra regi\u00f3n, tanto de Copiap\u00f3 c\u00f3mo de Paipote, Vallenar, Freirina y Huasco, con el objetivo de reconocer el incansable trabajo que realizan en sus hogares, con sus hijos y sus familias, adem\u00e1s de reconocer el rol que cumplen en nuestra sociedad que cada vez es mayor\u00bb, recalc\u00f3 la senadora de Atacama.<\/p>\n","protected":false},"excerpt":{"rendered":"<p>En un recorrido por Atacama, la senadora Yasna Provoste particip\u00f3 de la celebraci\u00f3n del D\u00eda de la Madre en distintas comunas de la regi\u00f3n como&hellip; <\/p>\n","protected":false},"author":2,"featured_media":9870,"comment_status":"open","ping_status":"closed","sticky":false,"template":"","format":"standard","meta":{"footnotes":""},"categories":[7],"tags":[],"class_list":["post-9869","post","type-post","status-publish","format-standard","has-post-thumbnail","hentry","category-atacama"],"_links":{"self":[{"href":"https:\/\/www.radioamigavallenar.cl\/index.php?rest_route=\/wp\/v2\/posts\/9869","targetHints":{"allow":["GET"]}}],"collection":[{"href":"https:\/\/www.radioamigavallenar.cl\/index.php?rest_route=\/wp\/v2\/posts"}],"about":[{"href":"https:\/\/www.radioamigavallenar.cl\/index.php?rest_route=\/wp\/v2\/types\/post"}],"author":[{"embeddable":true,"href":"https:\/\/www.radioamigavallenar.cl\/index.php?rest_route=\/wp\/v2\/users\/2"}],"replies":[{"embeddable":true,"href":"https:\/\/www.radioamigavallenar.cl\/index.php?rest_route=%2Fwp%2Fv2%2Fcomments&post=9869"}],"version-history":[{"count":0,"href":"https:\/\/www.radioamigavallenar.cl\/index.php?rest_route=\/wp\/v2\/posts\/9869\/revisions"}],"wp:featuredmedia":[{"embeddable":true,"href":"https:\/\/www.radioamigavallenar.cl\/index.php?rest_route=\/wp\/v2\/media\/9870"}],"wp:attachment":[{"href":"https:\/\/www.radioamigavallenar.cl\/index.php?rest_route=%2Fwp%2Fv2%2Fmedia&parent=9869"}],"wp:term":[{"taxonomy":"category","embeddable":true,"href":"https:\/\/www.radioamigavallenar.cl\/index.php?rest_route=%2Fwp%2Fv2%2Fcategories&post=9869"},{"taxonomy":"post_tag","embeddable":true,"href":"https:\/\/www.radioamigavallenar.cl\/index.php?rest_route=%2Fwp%2Fv2%2Ftags&post=9869"}],"curies":[{"name":"wp","href":"https:\/\/api.w.org\/{rel}","templated":true}]}}