{"id":9818,"date":"2018-05-08T08:28:10","date_gmt":"2018-05-08T11:28:10","guid":{"rendered":"http:\/\/www.radioamigavallenar.cl\/?p=9818"},"modified":"2018-05-08T08:28:10","modified_gmt":"2018-05-08T11:28:10","slug":"intendenta-berta-torres-dio-el-inicio-al-mes-de-mar-en-caldera","status":"publish","type":"post","link":"https:\/\/www.radioamigavallenar.cl\/?p=9818","title":{"rendered":"Intendenta Berta Torres dio el inicio al Mes de Mar en Caldera"},"content":{"rendered":"<p style=\"text-align: justify;\"><a href=\"http:\/\/www.radioamigavallenar.cl\/wp-content\/uploads\/2018\/05\/Caldera.jpg\"><img loading=\"lazy\" decoding=\"async\" class=\" size-medium wp-image-9819 aligncenter\" src=\"http:\/\/www.radioamigavallenar.cl\/wp-content\/uploads\/2018\/05\/Caldera-300x225.jpg\" alt=\"Caldera\" width=\"300\" height=\"225\" srcset=\"https:\/\/www.radioamigavallenar.cl\/wp-content\/uploads\/2018\/05\/Caldera-300x225.jpg 300w, https:\/\/www.radioamigavallenar.cl\/wp-content\/uploads\/2018\/05\/Caldera.jpg 700w\" sizes=\"auto, (max-width: 300px) 100vw, 300px\" \/><\/a><\/p>\n<p style=\"text-align: justify;\">Con una ceremonia realizada en el frontis de la Gobernaci\u00f3n Mar\u00edtima de Caldera se dio inicio oficial al programa conmemorativo especial, con el cual la Armada a nivel nacional recuerda las Glorias Navales y a los H\u00e9roes que han dejado huellas en las p\u00e1ginas de la historia, recalcando la importancia que ha tenido y tiene el mar para el desarrollo del pa\u00eds.<\/p>\n<p style=\"text-align: justify;\">La actividad fue presidida por la Intendenta Berta Torres Licuime y el Gobernador Mar\u00edtimo, Capit\u00e1n de Fragata Roberto Alfaro P\u00e9rez. Cont\u00f3, adem\u00e1s, con la presencia del Senador Rafael Prohens, autoridades de Gobierno, comunales, Carabineros, el Ej\u00e9rcito y la PDI adem\u00e1s de invitados especiales.<\/p>\n<p style=\"text-align: justify;\">Posteriormente, algunos invitados realizaron un recorrido por el borde costero de la comuna a bordo de la lancha de servicios \u201cLa Caldera\u201d. En este contexto, la Intendenta Torres expres\u00f3 \u201cha sido una maravillosa traves\u00eda por la bah\u00eda en una espectacular embarcaci\u00f3n que tiene la Armada en Caldera. Me llama la atenci\u00f3n que \u2018La Caldera\u2019 fue armada en nuestro pa\u00eds y que adem\u00e1s cuenta con excelentes condiciones de navegaci\u00f3n y mantenci\u00f3n\u201d.<\/p>\n<p style=\"text-align: justify;\">La m\u00e1xima autoridad regional agreg\u00f3 \u201cfelicitar a la Armada en este mes de aniversario de la instituci\u00f3n en especial por su profesionalismo y compromiso al servicio de nuestra naci\u00f3n\u201d.<\/p>\n<p style=\"text-align: justify;\">En tanto el Gobernador Mar\u00edtimo Roberto Alfaro, se\u00f1al\u00f3 \u201cestamos muy contentos de que las autoridades, encabezadas por la Intendenta de Atacama, nos hayan acompa\u00f1ado en este inicio de nuestro mes. La Armada este a\u00f1o particularmente cumple 200 a\u00f1os, somos una instituci\u00f3n que ha estado presente desde los albores de la patria, por tal raz\u00f3n este a\u00f1o con m\u00e1s fuerza queremos acercar el mar a los chilenos\u201d.<\/p>\n<p style=\"text-align: justify;\">Consultado sobre las actividades para este mes aniversario el Capit\u00e1n de Fragata se\u00f1al\u00f3 \u201ctenemos una serie de eventos c\u00edvico-militares, culturales, deportivos, ya que este mes esperamos celebrar como corresponde los 200 a\u00f1os de nuestra instituci\u00f3n\u201d, destac\u00f3.<\/p>\n<p><strong><em>\u00a0<\/em><\/strong><\/p>\n","protected":false},"excerpt":{"rendered":"<p>Con una ceremonia realizada en el frontis de la Gobernaci\u00f3n Mar\u00edtima de Caldera se dio inicio oficial al programa conmemorativo especial, con el cual la&hellip; <\/p>\n","protected":false},"author":2,"featured_media":9819,"comment_status":"open","ping_status":"closed","sticky":false,"template":"","format":"standard","meta":{"footnotes":""},"categories":[7],"tags":[],"class_list":["post-9818","post","type-post","status-publish","format-standard","has-post-thumbnail","hentry","category-atacama"],"_links":{"self":[{"href":"https:\/\/www.radioamigavallenar.cl\/index.php?rest_route=\/wp\/v2\/posts\/9818","targetHints":{"allow":["GET"]}}],"collection":[{"href":"https:\/\/www.radioamigavallenar.cl\/index.php?rest_route=\/wp\/v2\/posts"}],"about":[{"href":"https:\/\/www.radioamigavallenar.cl\/index.php?rest_route=\/wp\/v2\/types\/post"}],"author":[{"embeddable":true,"href":"https:\/\/www.radioamigavallenar.cl\/index.php?rest_route=\/wp\/v2\/users\/2"}],"replies":[{"embeddable":true,"href":"https:\/\/www.radioamigavallenar.cl\/index.php?rest_route=%2Fwp%2Fv2%2Fcomments&post=9818"}],"version-history":[{"count":0,"href":"https:\/\/www.radioamigavallenar.cl\/index.php?rest_route=\/wp\/v2\/posts\/9818\/revisions"}],"wp:featuredmedia":[{"embeddable":true,"href":"https:\/\/www.radioamigavallenar.cl\/index.php?rest_route=\/wp\/v2\/media\/9819"}],"wp:attachment":[{"href":"https:\/\/www.radioamigavallenar.cl\/index.php?rest_route=%2Fwp%2Fv2%2Fmedia&parent=9818"}],"wp:term":[{"taxonomy":"category","embeddable":true,"href":"https:\/\/www.radioamigavallenar.cl\/index.php?rest_route=%2Fwp%2Fv2%2Fcategories&post=9818"},{"taxonomy":"post_tag","embeddable":true,"href":"https:\/\/www.radioamigavallenar.cl\/index.php?rest_route=%2Fwp%2Fv2%2Ftags&post=9818"}],"curies":[{"name":"wp","href":"https:\/\/api.w.org\/{rel}","templated":true}]}}