{"id":97670,"date":"2026-01-16T08:00:47","date_gmt":"2026-01-16T11:00:47","guid":{"rendered":"https:\/\/www.radioamigavallenar.cl\/?p=97670"},"modified":"2026-01-16T12:48:32","modified_gmt":"2026-01-16T15:48:32","slug":"pdi-atacama-detiene-a-ciudadano-boliviano-por-violacion-de-mujer-adulta-en-copiapo","status":"publish","type":"post","link":"https:\/\/www.radioamigavallenar.cl\/?p=97670","title":{"rendered":"PDI Atacama detiene a ciudadano boliviano por violaci\u00f3n de mujer adulta en Copiap\u00f3"},"content":{"rendered":"<p>Detectives de la Brigada Investigadora de Delitos Sexuales (Brisex) de la PDI Copiap\u00f3, realizaron diligencias investigativas que permitieron esclarecer un delito de violaci\u00f3n de mayor de 14 a\u00f1os, logrando la detenci\u00f3n del responsable del il\u00edcito, un hombre de nacionalidad boliviana.<\/p>\n<div class=\"code-block code-block-3\">\n<div id=\"sas_99069\"><\/div>\n<\/div>\n<p>\u201cOficiales policiales de la Brisex llevaron a cabo indagatorias en virtud a una denuncia realizada en Carabineros que daba cuenta de una mujer boliviana, mayor de edad, la cual habr\u00eda sido agredida sexualmente por su pareja, quien la forz\u00f3 a tener relaciones, provoc\u00e1ndole diversas lesiones. En virtud a lo anterior, el trabajo policial se enfoc\u00f3 en constatar las lesiones de la v\u00edctima y la toma de declaraciones al personal m\u00e9dico y testigos del hecho ocurrido en el sector alto de Copiap\u00f3. El resultado de las diligencias permiti\u00f3 acreditar el delito de \u00edndole sexual, as\u00ed como tambi\u00e9n un il\u00edcito de lesiones menos graves. Con estos antecedentes, se procedi\u00f3 a ubicar al imputado, logrando dar con su paradero y procediendo a su detenci\u00f3n por los delitos mencionados\u201d, se\u00f1al\u00f3 la Jefa (S) de la Brisex Copiap\u00f3, comisaria Cynthia Berm\u00fadez.<\/p>\n<p>La oficial policial a\u00f1adi\u00f3 que \u201cel imputado corresponde a un hombre de nacionalidad boliviana de 46 a\u00f1os de edad, a quien mediante un proceso investigativo se le logr\u00f3 acreditar como responsable de la agresi\u00f3n sexual sin consentimiento efectuada a la v\u00edctima, as\u00ed como de provocarle una fractura en uno de sus dedos. Tras su detenci\u00f3n, el imputado fue puesto a disposici\u00f3n del Juzgado de Garant\u00eda de Copiap\u00f3, instancia donde fue formalizado por el Ministerio P\u00fablico\u201d.<\/p>\n","protected":false},"excerpt":{"rendered":"<p>Detectives de la Brigada Investigadora de Delitos Sexuales (Brisex) de la PDI Copiap\u00f3, realizaron diligencias investigativas que permitieron esclarecer un delito de violaci\u00f3n de mayor&hellip; <\/p>\n","protected":false},"author":7,"featured_media":83083,"comment_status":"closed","ping_status":"closed","sticky":false,"template":"","format":"standard","meta":{"footnotes":""},"categories":[7],"tags":[],"class_list":["post-97670","post","type-post","status-publish","format-standard","has-post-thumbnail","hentry","category-atacama"],"_links":{"self":[{"href":"https:\/\/www.radioamigavallenar.cl\/index.php?rest_route=\/wp\/v2\/posts\/97670","targetHints":{"allow":["GET"]}}],"collection":[{"href":"https:\/\/www.radioamigavallenar.cl\/index.php?rest_route=\/wp\/v2\/posts"}],"about":[{"href":"https:\/\/www.radioamigavallenar.cl\/index.php?rest_route=\/wp\/v2\/types\/post"}],"author":[{"embeddable":true,"href":"https:\/\/www.radioamigavallenar.cl\/index.php?rest_route=\/wp\/v2\/users\/7"}],"replies":[{"embeddable":true,"href":"https:\/\/www.radioamigavallenar.cl\/index.php?rest_route=%2Fwp%2Fv2%2Fcomments&post=97670"}],"version-history":[{"count":1,"href":"https:\/\/www.radioamigavallenar.cl\/index.php?rest_route=\/wp\/v2\/posts\/97670\/revisions"}],"predecessor-version":[{"id":97671,"href":"https:\/\/www.radioamigavallenar.cl\/index.php?rest_route=\/wp\/v2\/posts\/97670\/revisions\/97671"}],"wp:featuredmedia":[{"embeddable":true,"href":"https:\/\/www.radioamigavallenar.cl\/index.php?rest_route=\/wp\/v2\/media\/83083"}],"wp:attachment":[{"href":"https:\/\/www.radioamigavallenar.cl\/index.php?rest_route=%2Fwp%2Fv2%2Fmedia&parent=97670"}],"wp:term":[{"taxonomy":"category","embeddable":true,"href":"https:\/\/www.radioamigavallenar.cl\/index.php?rest_route=%2Fwp%2Fv2%2Fcategories&post=97670"},{"taxonomy":"post_tag","embeddable":true,"href":"https:\/\/www.radioamigavallenar.cl\/index.php?rest_route=%2Fwp%2Fv2%2Ftags&post=97670"}],"curies":[{"name":"wp","href":"https:\/\/api.w.org\/{rel}","templated":true}]}}