{"id":97657,"date":"2026-01-16T08:25:25","date_gmt":"2026-01-16T11:25:25","guid":{"rendered":"https:\/\/www.radioamigavallenar.cl\/?p=97657"},"modified":"2026-01-16T11:27:12","modified_gmt":"2026-01-16T14:27:12","slug":"innovadora-iniciativa-de-minera-altair-del-proyecto-la-farola-en-tierra-amarilla","status":"publish","type":"post","link":"https:\/\/www.radioamigavallenar.cl\/?p=97657","title":{"rendered":"Innovadora iniciativa de minera Altair del proyecto \u201cLa Farola\u201d en Tierra Amarilla"},"content":{"rendered":"<p><strong>Minera Altair inform\u00f3 la puesta en marcha de un nuevo canal de difusi\u00f3n informativa del Proyecto La Farola, iniciativa que permitir\u00e1 a la comunidad de Tierra Amarilla y a la Regi\u00f3n de Atacama recibir directamente noticias, avisos y actualizaciones oficiales del proyecto a trav\u00e9s de WhatsApp.<\/strong><\/p>\n<p>El canal, de acceso p\u00fablico, se suma a otros espacios de relacionamiento territorial impulsados por la compa\u00f1\u00eda, incorporando una herramienta digital de uso cotidiano para facilitar el acceso a informaci\u00f3n relevante sobre el proyecto.<\/p>\n<p style=\"text-align: center;\"><strong>\u00bfQu\u00e9 es este canal y para qu\u00e9 sirve?<\/strong><\/p>\n<p>Este es un\u00a0<strong>canal informativo de Minera Altair<\/strong>\u00a0\u2013 Proyecto La Farola. Al inscribirte, podr\u00e1s recibir y leer informaci\u00f3n sobre el proyecto de forma directa en tu celular, como avisos, noticias y actividades importantes.<\/p>\n<p><strong>Inscr\u00edbete dando clic en este enlace:\u00a0<a href=\"https:\/\/whatsapp.com\/channel\/0029Vb6wlVqGehEQ3vN7DQ2m*\">https:\/\/whatsapp.com\/channel\/0029Vb6wlVqGehEQ3vN7DQ2m<\/a><\/strong><\/p>\n<p><strong>El canal es solo para informar:<\/strong>\u00a0t\u00fa no tienes que responder ni escribir, solo revisar los mensajes cuando quieras.<br \/>\nPara verlo en WhatsApp, debes entrar a la pesta\u00f1a \u201cNovedades\u201d y apretar el bot\u00f3n \u201cCanales\u201d; ah\u00ed aparecer\u00e1n los mensajes del Proyecto La Farola una vez que te hayas inscrito. *El canal es p\u00fablico, todos y todas pueden inscribirse en la medida que hagan clic al enlace, por lo que te invito a difundir este mensaje<\/p>\n<p><strong>Isadora Jorratt Hoces, Superintendenta de Gesti\u00f3n Social y Comunidades de Minera Altair<\/strong>, destac\u00f3: \u00abeste canal responde a nuestro compromiso por fortalecer una comunicaci\u00f3n m\u00e1s transparente, oportuna y accesible con las comunidades de Tierra Amarilla. Queremos que la informaci\u00f3n oficial del proyecto est\u00e9 disponible de manera directa, clara y en un espacio p\u00fablico, que permita a las personas informarse cuando lo estimen pertinente y con datos confiables\u201d.<\/p>\n<p><a href=\"https:\/\/whatsapp.com\/channel\/0029Vb6wlVqGehEQ3vN7DQ2m\" target=\"_blank\" rel=\"noopener\">https:\/\/whatsapp.com\/channel\/0029Vb6wlVqGehEQ3vN7DQ2m<\/a><\/p>\n","protected":false},"excerpt":{"rendered":"<p>Minera Altair inform\u00f3 la puesta en marcha de un nuevo canal de difusi\u00f3n informativa del Proyecto La Farola, iniciativa que permitir\u00e1 a la comunidad de&hellip; <\/p>\n","protected":false},"author":7,"featured_media":97658,"comment_status":"closed","ping_status":"closed","sticky":false,"template":"","format":"standard","meta":{"footnotes":""},"categories":[7],"tags":[],"class_list":["post-97657","post","type-post","status-publish","format-standard","has-post-thumbnail","hentry","category-atacama"],"_links":{"self":[{"href":"https:\/\/www.radioamigavallenar.cl\/index.php?rest_route=\/wp\/v2\/posts\/97657","targetHints":{"allow":["GET"]}}],"collection":[{"href":"https:\/\/www.radioamigavallenar.cl\/index.php?rest_route=\/wp\/v2\/posts"}],"about":[{"href":"https:\/\/www.radioamigavallenar.cl\/index.php?rest_route=\/wp\/v2\/types\/post"}],"author":[{"embeddable":true,"href":"https:\/\/www.radioamigavallenar.cl\/index.php?rest_route=\/wp\/v2\/users\/7"}],"replies":[{"embeddable":true,"href":"https:\/\/www.radioamigavallenar.cl\/index.php?rest_route=%2Fwp%2Fv2%2Fcomments&post=97657"}],"version-history":[{"count":2,"href":"https:\/\/www.radioamigavallenar.cl\/index.php?rest_route=\/wp\/v2\/posts\/97657\/revisions"}],"predecessor-version":[{"id":97660,"href":"https:\/\/www.radioamigavallenar.cl\/index.php?rest_route=\/wp\/v2\/posts\/97657\/revisions\/97660"}],"wp:featuredmedia":[{"embeddable":true,"href":"https:\/\/www.radioamigavallenar.cl\/index.php?rest_route=\/wp\/v2\/media\/97658"}],"wp:attachment":[{"href":"https:\/\/www.radioamigavallenar.cl\/index.php?rest_route=%2Fwp%2Fv2%2Fmedia&parent=97657"}],"wp:term":[{"taxonomy":"category","embeddable":true,"href":"https:\/\/www.radioamigavallenar.cl\/index.php?rest_route=%2Fwp%2Fv2%2Fcategories&post=97657"},{"taxonomy":"post_tag","embeddable":true,"href":"https:\/\/www.radioamigavallenar.cl\/index.php?rest_route=%2Fwp%2Fv2%2Ftags&post=97657"}],"curies":[{"name":"wp","href":"https:\/\/api.w.org\/{rel}","templated":true}]}}