{"id":97636,"date":"2026-01-16T09:16:29","date_gmt":"2026-01-16T12:16:29","guid":{"rendered":"https:\/\/www.radioamigavallenar.cl\/?p=97636"},"modified":"2026-01-16T09:16:29","modified_gmt":"2026-01-16T12:16:29","slug":"pdi-atacama-detuvo-a-dos-adolescentes-tras-robo-con-violencia-que-afecto-a-adulto-mayor-de-88-anos-de-edad","status":"publish","type":"post","link":"https:\/\/www.radioamigavallenar.cl\/?p=97636","title":{"rendered":"PDI Atacama detuvo a dos adolescentes tras robo con violencia que afect\u00f3 a adulto mayor de 88 a\u00f1os de edad ."},"content":{"rendered":"<p>Detectives de la Brigada Investigadora de Robos (Biro) de la PDI Copiap\u00f3, realizaron diligencias investigativas en coordinaci\u00f3n con la Fiscal\u00eda Local de esta comuna, a ra\u00edz de un delito de robo con violencia que afect\u00f3 a un adulto mayor de 88 a\u00f1os en la poblaci\u00f3n Balmaceda Norte, logrando en tiempo record la detenci\u00f3n de los dos responsables del il\u00edcito.<\/p>\n<p>&nbsp;<\/p>\n<p>\u201cOficiales policiales de la Biro llevaron a cabo una serie de indagatorias producto de un delito de robo con violencia, logrando determinar que, en horas de la madrugada del d\u00eda de hoy, dos individuos ingresaron a un domicilio ubicado en la poblaci\u00f3n Balmaceda Norte de Copiap\u00f3, agrediendo con armas cortantes al morador, un adulto mayor de 88 a\u00f1os, quien se encontraba solo en el inmueble. Tras la agresi\u00f3n, los imputados sustrajeron dos televisores, herramientas y otras especies, para luego darse a la fuga. La v\u00edctima fue encontrada horas despu\u00e9s por su hija, siendo trasladado al Hospital Regional de Copiap\u00f3, lugar donde permanece internado producto de un corte en la altura de su cuello, una fractura nasal, entre otras lesiones. Posteriormente, el trabajo policial permiti\u00f3 establecer el paradero de los responsables del hecho, procediendo a la detenci\u00f3n de dos adolescentes de 17 y 14 a\u00f1os de edad\u201d, se\u00f1al\u00f3 el Jefe (S) de la Biro Copiap\u00f3, subprefecto Fabi\u00e1n Araneda.<\/p>\n<p>&nbsp;<\/p>\n<p>El oficial policial a\u00f1adi\u00f3 que \u201clos imputados sustrajeron especies por un aval\u00fao total de 900 mil pesos. Con el trabajo de peritos del Laboratorio de Criminal\u00edstica Regional, se llevaron a cabo diligencias en el sitio de suceso, encontrando en el frontis del domicilio de la v\u00edctima una motocicleta marca Yamaha, la cual habr\u00eda sido abandonada por los autores del delito, y la que mantiene un encargo vigente por el il\u00edcito de robo de veh\u00edculo motorizado. La detenci\u00f3n en tiempo record de los imputados se logr\u00f3 con el apoyo de informaci\u00f3n proporcionada por la comunidad, despu\u00e9s de que los vecinos hayan reconocido a los responsables del hecho con las especies sustra\u00eddas del domicilio de la v\u00edctima\u201d.<\/p>\n<p>&nbsp;<\/p>\n<p>Los imputados corresponden a un adolescente chileno de 17 a\u00f1os de edad, quien mantiene una medida cautelar vigente de arresto domiciliario, y tambi\u00e9n cuenta con antecedentes policiales por los delitos de hurto y robo con intimidaci\u00f3n. El otro detenido es un adolescente chileno de 14 a\u00f1os de edad, quien tambi\u00e9n mantiene una medida cautelar vigente de arresto domiciliario. Ambos imputados fueron detenidos por los il\u00edcitos de receptaci\u00f3n, porte de arma cortante e incumplimiento de medida cautelar. El trabajo policial contin\u00faa desarrollando diligencias que permitan esclarecer por completo el hecho de robo con violencia que afect\u00f3 a un adulto mayor de 88 a\u00f1os de edad.<\/p>\n<p>&nbsp;<\/p>\n<p style=\"text-align: center;\"><strong>FISCAL\u00cdA<\/strong><\/p>\n<p>&nbsp;<\/p>\n<p>Desde la Fiscal\u00eda de Atacama se indic\u00f3 que una vez que se dio cuenta del delito se ordenaron las diligencias investigativas pertinentes, a partir de la detenci\u00f3n de dos adolescentes por parte de vecinos quienes los identificaron como los responsables del il\u00edcito. Ambos imputados quedaron a disposici\u00f3n de detectives de la Brigada Investigadora de Robos de la PDI para ser presentados este viernes ante el Juzgado de Garant\u00eda de Copiap\u00f3. Respecto de la v\u00edctima se inform\u00f3 que la persona agredida sufri\u00f3 lesiones leves y fue trasladado al Hospital Regional para su respectiva atenci\u00f3n.<\/p>\n","protected":false},"excerpt":{"rendered":"<p>Detectives de la Brigada Investigadora de Robos (Biro) de la PDI Copiap\u00f3, realizaron diligencias investigativas en coordinaci\u00f3n con la Fiscal\u00eda Local de esta comuna, a&hellip; <\/p>\n","protected":false},"author":7,"featured_media":97637,"comment_status":"closed","ping_status":"closed","sticky":false,"template":"","format":"standard","meta":{"footnotes":""},"categories":[38],"tags":[],"class_list":["post-97636","post","type-post","status-publish","format-standard","has-post-thumbnail","hentry","category-portada-regional"],"_links":{"self":[{"href":"https:\/\/www.radioamigavallenar.cl\/index.php?rest_route=\/wp\/v2\/posts\/97636","targetHints":{"allow":["GET"]}}],"collection":[{"href":"https:\/\/www.radioamigavallenar.cl\/index.php?rest_route=\/wp\/v2\/posts"}],"about":[{"href":"https:\/\/www.radioamigavallenar.cl\/index.php?rest_route=\/wp\/v2\/types\/post"}],"author":[{"embeddable":true,"href":"https:\/\/www.radioamigavallenar.cl\/index.php?rest_route=\/wp\/v2\/users\/7"}],"replies":[{"embeddable":true,"href":"https:\/\/www.radioamigavallenar.cl\/index.php?rest_route=%2Fwp%2Fv2%2Fcomments&post=97636"}],"version-history":[{"count":1,"href":"https:\/\/www.radioamigavallenar.cl\/index.php?rest_route=\/wp\/v2\/posts\/97636\/revisions"}],"predecessor-version":[{"id":97638,"href":"https:\/\/www.radioamigavallenar.cl\/index.php?rest_route=\/wp\/v2\/posts\/97636\/revisions\/97638"}],"wp:featuredmedia":[{"embeddable":true,"href":"https:\/\/www.radioamigavallenar.cl\/index.php?rest_route=\/wp\/v2\/media\/97637"}],"wp:attachment":[{"href":"https:\/\/www.radioamigavallenar.cl\/index.php?rest_route=%2Fwp%2Fv2%2Fmedia&parent=97636"}],"wp:term":[{"taxonomy":"category","embeddable":true,"href":"https:\/\/www.radioamigavallenar.cl\/index.php?rest_route=%2Fwp%2Fv2%2Fcategories&post=97636"},{"taxonomy":"post_tag","embeddable":true,"href":"https:\/\/www.radioamigavallenar.cl\/index.php?rest_route=%2Fwp%2Fv2%2Ftags&post=97636"}],"curies":[{"name":"wp","href":"https:\/\/api.w.org\/{rel}","templated":true}]}}