{"id":97629,"date":"2026-01-16T00:00:30","date_gmt":"2026-01-16T03:00:30","guid":{"rendered":"https:\/\/www.radioamigavallenar.cl\/?p=97629"},"modified":"2026-01-15T23:53:20","modified_gmt":"2026-01-16T02:53:20","slug":"hospital-provincial-del-huasco-logra-significativa-reduccion-en-listas-y-tiempos-de-espera-durante-2025","status":"publish","type":"post","link":"https:\/\/www.radioamigavallenar.cl\/?p=97629","title":{"rendered":"Hospital Provincial del Huasco logra significativa reducci\u00f3n en listas y tiempos de espera durante 2025"},"content":{"rendered":"<p>Extraordinarios resultados ha obtenido el Hospital Provincial del Huasco en la reducci\u00f3n de listas de espera durante el a\u00f1o 2025, registrando una disminuci\u00f3n promedio de 34 d\u00edas en los tiempos de espera para nuevas consultas de especialidades, junto con el retorno a est\u00e1ndares prepand\u00e9micos en atenci\u00f3n odontol\u00f3gica de especialidad e intervenciones quir\u00fargicas, superando incluso los niveles m\u00e1s altos de productividad alcanzados en diciembre de 2019.<\/p>\n<p>As\u00ed lo destac\u00f3 el director del Hospital Provincial del Huasco, Juan Pablo Rojas, quien valor\u00f3 el impacto de los operativos y la gesti\u00f3n desarrollada por el recinto asistencial.<\/p>\n<p>\u201cHemos obtenido resultados extraordinarios en la reducci\u00f3n de listas de espera, disminuyendo en promedio 34 d\u00edas los tiempos de espera en nuevas consultas. Esto ha sido especialmente relevante, dado que tanto en atenci\u00f3n odontol\u00f3gica de especialidad como en intervenciones quir\u00fargicas hemos alcanzado est\u00e1ndares prepand\u00e9micos, incluso superando la mejor productividad que tuvo el hospital en diciembre de 2019\u201d, se\u00f1al\u00f3.<\/p>\n<p>De acuerdo con los registros oficiales, la evoluci\u00f3n de las medianas de d\u00edas de espera evidencia una mejora sostenida respecto de los a\u00f1os anteriores, donde en nuevas consultas se redujeron de 154 d\u00edas en diciembre de 2024 a 120 d\u00edas en diciembre de 2025, lo que representa una baja significativa, aunque a\u00fan por sobre la meta institucional hist\u00f3rica de 85 d\u00edas registrada en 2019.<\/p>\n<p>En atenci\u00f3n odontol\u00f3gica de especialidad, se alcanzaron 213 d\u00edas, mejorando de forma relevante frente a los 252 d\u00edas del a\u00f1o anterior y retornando a niveles \u00f3ptimos prepand\u00e9micos.<\/p>\n<p>Con respecto a las intervenciones quir\u00fargicas, se registraron 193 d\u00edas de espera, igualando pr\u00e1cticamente los niveles de diciembre de 2019 (194 d\u00edas) y mejorando sustancialmente frente a los 322 d\u00edas de 2024.<\/p>\n<p>\u201cNos llena de orgullo y satisfacci\u00f3n poder mostrar estas cifras, tanto desde la gesti\u00f3n cl\u00ednica como financiera de nuestro recinto asistencial. No obstante, nuestro compromiso es seguir avanzando para que estos tiempos de espera y las listas puedan reducirse al m\u00e1ximo\u201d, enfatiz\u00f3 Rojas.<\/p>\n<p>El director del establecimiento destac\u00f3 que estos logros han sido posibles gracias al esfuerzo sostenido de los equipos cl\u00ednicos, administrativos y de apoyo, quienes han demostrado una alta vocaci\u00f3n de servicio, responsabilidad y compromiso con una atenci\u00f3n oportuna y digna para los usuarios y usuarias de la provincia del Huasco.<\/p>\n<p>La optimizaci\u00f3n de procesos internos, el trabajo colaborativo y la disposici\u00f3n del personal han permitido dar respuesta a una de las principales necesidades de la poblaci\u00f3n, fortaleciendo el acceso y la oportunidad de la atenci\u00f3n en salud p\u00fablica.<\/p>\n<p>Asimismo, Rojas valor\u00f3 el trabajo en red y el respaldo institucional, agradeciendo el apoyo del Servicio de Salud Atacama, as\u00ed como las diversas fuentes de financiamiento como el Gobierno Regional de Atacama, la municipalidad de Vallenar y la municipalidad de Freirina, que han permitido reducir considerablemente los tiempos de espera y acoger los requerimientos de los usuarios de la provincia.<\/p>\n<p>&nbsp;<\/p>\n<audio class=\"wp-audio-shortcode\" id=\"audio-97629-1\" preload=\"none\" style=\"width: 100%;\" controls=\"controls\"><source type=\"audio\/mpeg\" src=\"https:\/\/www.radioamigavallenar.cl\/wp-content\/uploads\/2026\/01\/Juan-Pablo-Rojas-reduccion-lista-espera-225.mp3?_=1\" \/><a href=\"https:\/\/www.radioamigavallenar.cl\/wp-content\/uploads\/2026\/01\/Juan-Pablo-Rojas-reduccion-lista-espera-225.mp3\">https:\/\/www.radioamigavallenar.cl\/wp-content\/uploads\/2026\/01\/Juan-Pablo-Rojas-reduccion-lista-espera-225.mp3<\/a><\/audio>\n","protected":false},"excerpt":{"rendered":"<p>Extraordinarios resultados ha obtenido el Hospital Provincial del Huasco en la reducci\u00f3n de listas de espera durante el a\u00f1o 2025, registrando una disminuci\u00f3n promedio de&hellip; <\/p>\n","protected":false},"author":7,"featured_media":97631,"comment_status":"closed","ping_status":"closed","sticky":false,"template":"","format":"standard","meta":{"footnotes":""},"categories":[7],"tags":[],"class_list":["post-97629","post","type-post","status-publish","format-standard","has-post-thumbnail","hentry","category-atacama"],"_links":{"self":[{"href":"https:\/\/www.radioamigavallenar.cl\/index.php?rest_route=\/wp\/v2\/posts\/97629","targetHints":{"allow":["GET"]}}],"collection":[{"href":"https:\/\/www.radioamigavallenar.cl\/index.php?rest_route=\/wp\/v2\/posts"}],"about":[{"href":"https:\/\/www.radioamigavallenar.cl\/index.php?rest_route=\/wp\/v2\/types\/post"}],"author":[{"embeddable":true,"href":"https:\/\/www.radioamigavallenar.cl\/index.php?rest_route=\/wp\/v2\/users\/7"}],"replies":[{"embeddable":true,"href":"https:\/\/www.radioamigavallenar.cl\/index.php?rest_route=%2Fwp%2Fv2%2Fcomments&post=97629"}],"version-history":[{"count":1,"href":"https:\/\/www.radioamigavallenar.cl\/index.php?rest_route=\/wp\/v2\/posts\/97629\/revisions"}],"predecessor-version":[{"id":97632,"href":"https:\/\/www.radioamigavallenar.cl\/index.php?rest_route=\/wp\/v2\/posts\/97629\/revisions\/97632"}],"wp:featuredmedia":[{"embeddable":true,"href":"https:\/\/www.radioamigavallenar.cl\/index.php?rest_route=\/wp\/v2\/media\/97631"}],"wp:attachment":[{"href":"https:\/\/www.radioamigavallenar.cl\/index.php?rest_route=%2Fwp%2Fv2%2Fmedia&parent=97629"}],"wp:term":[{"taxonomy":"category","embeddable":true,"href":"https:\/\/www.radioamigavallenar.cl\/index.php?rest_route=%2Fwp%2Fv2%2Fcategories&post=97629"},{"taxonomy":"post_tag","embeddable":true,"href":"https:\/\/www.radioamigavallenar.cl\/index.php?rest_route=%2Fwp%2Fv2%2Ftags&post=97629"}],"curies":[{"name":"wp","href":"https:\/\/api.w.org\/{rel}","templated":true}]}}