{"id":97626,"date":"2026-01-16T00:00:17","date_gmt":"2026-01-16T03:00:17","guid":{"rendered":"https:\/\/www.radioamigavallenar.cl\/?p=97626"},"modified":"2026-01-15T23:46:32","modified_gmt":"2026-01-16T02:46:32","slug":"minvu-atacama-informa-nuevo-proceso-de-inscripcion-para-proyectos-habitacionales-ds-19-en-copiapo","status":"publish","type":"post","link":"https:\/\/www.radioamigavallenar.cl\/?p=97626","title":{"rendered":"MINVU Atacama informa nuevo proceso de inscripci\u00f3n para proyectos habitacionales DS 19 en Copiap\u00f3"},"content":{"rendered":"<p>El Ministerio de Vivienda y Urbanismo en la regi\u00f3n de Atacama, a trav\u00e9s del Programa de Integraci\u00f3n Social y Territorial, informa la apertura de un nuevo Sistema Electr\u00f3nico de Inscripci\u00f3n que permite la postulaci\u00f3n a proyectos habitacionales bajo el Decreto Supremo N\u00b019 en la comuna de Copiap\u00f3, especialmente dirigido a familias de menores ingresos que cuenten con subsidio habitacional DS49 vigente.<\/p>\n<p>En esta oportunidad, inform\u00f3 la Seremi Minvu, Roc\u00edo D\u00edaz G\u00f3mez, los proyectos disponibles corresponden a Ribera Kaukari, ubicado en Avenida Costanera N\u00b01223 y que a la fecha est\u00e1 pr\u00e1cticamente completo y Lomas de Borgo\u00f1o II etapa, emplazado en Avenida Borgo\u00f1o N\u00b0370, cuyo plazo de postulaci\u00f3n ser\u00e1 hasta el viernes 23 de enero, puntualmente hasta las 14 horas. El proceso de postulaci\u00f3n se realiza de manera 100% online, a trav\u00e9s del sitio www.seremiatacama.minvu.gob.cl o mediante c\u00f3digo QR dispuesto en las plataformas web oficiales de este servicio p\u00fablico.<\/p>\n<p>Ambas iniciativas consideran departamentos de 12 pisos, con superficies aproximadas entre 53 y 55 m\u00b2, y contemplan espacios pensados para una vida familiar integrada, con acceso a equipamiento y buena localizaci\u00f3n urbana.<\/p>\n<p>Igualmente, la autoridad destac\u00f3 la relevancia de este llamado se\u00f1alando que \u201ceste proceso refleja una convicci\u00f3n profunda de nuestro gobierno y que es avanzar hacia ciudades m\u00e1s justas, integradas y con igualdad de oportunidades. Los proyectos habitacionales DS19 no solo entregan viviendas, sino que promueven convivencia, integraci\u00f3n social y mejor calidad de vida para las familias, especialmente aquellas que hist\u00f3ricamente han tenido menos acceso a una soluci\u00f3n habitacional digna\u201d.<\/p>\n<p>Asimismo, la Seremi regional subray\u00f3 que este llamado se enmarca en los compromisos del Plan de Emergencia Habitacional, agregando que \u201cen Atacama seguimos avanzando con hechos concretos, ampliando las alternativas de acceso a la vivienda, en este caso para familias que cuenten con subsidio DS49, donde las familias puedan proyectar su vida con seguridad y estabilidad\u201d.<\/p>\n","protected":false},"excerpt":{"rendered":"<p>El Ministerio de Vivienda y Urbanismo en la regi\u00f3n de Atacama, a trav\u00e9s del Programa de Integraci\u00f3n Social y Territorial, informa la apertura de un&hellip; <\/p>\n","protected":false},"author":7,"featured_media":97627,"comment_status":"closed","ping_status":"closed","sticky":false,"template":"","format":"standard","meta":{"footnotes":""},"categories":[38],"tags":[],"class_list":["post-97626","post","type-post","status-publish","format-standard","has-post-thumbnail","hentry","category-portada-regional"],"_links":{"self":[{"href":"https:\/\/www.radioamigavallenar.cl\/index.php?rest_route=\/wp\/v2\/posts\/97626","targetHints":{"allow":["GET"]}}],"collection":[{"href":"https:\/\/www.radioamigavallenar.cl\/index.php?rest_route=\/wp\/v2\/posts"}],"about":[{"href":"https:\/\/www.radioamigavallenar.cl\/index.php?rest_route=\/wp\/v2\/types\/post"}],"author":[{"embeddable":true,"href":"https:\/\/www.radioamigavallenar.cl\/index.php?rest_route=\/wp\/v2\/users\/7"}],"replies":[{"embeddable":true,"href":"https:\/\/www.radioamigavallenar.cl\/index.php?rest_route=%2Fwp%2Fv2%2Fcomments&post=97626"}],"version-history":[{"count":1,"href":"https:\/\/www.radioamigavallenar.cl\/index.php?rest_route=\/wp\/v2\/posts\/97626\/revisions"}],"predecessor-version":[{"id":97628,"href":"https:\/\/www.radioamigavallenar.cl\/index.php?rest_route=\/wp\/v2\/posts\/97626\/revisions\/97628"}],"wp:featuredmedia":[{"embeddable":true,"href":"https:\/\/www.radioamigavallenar.cl\/index.php?rest_route=\/wp\/v2\/media\/97627"}],"wp:attachment":[{"href":"https:\/\/www.radioamigavallenar.cl\/index.php?rest_route=%2Fwp%2Fv2%2Fmedia&parent=97626"}],"wp:term":[{"taxonomy":"category","embeddable":true,"href":"https:\/\/www.radioamigavallenar.cl\/index.php?rest_route=%2Fwp%2Fv2%2Fcategories&post=97626"},{"taxonomy":"post_tag","embeddable":true,"href":"https:\/\/www.radioamigavallenar.cl\/index.php?rest_route=%2Fwp%2Fv2%2Ftags&post=97626"}],"curies":[{"name":"wp","href":"https:\/\/api.w.org\/{rel}","templated":true}]}}