{"id":97622,"date":"2026-01-16T00:00:34","date_gmt":"2026-01-16T03:00:34","guid":{"rendered":"https:\/\/www.radioamigavallenar.cl\/?p=97622"},"modified":"2026-01-15T23:44:13","modified_gmt":"2026-01-16T02:44:13","slug":"prochile-atacama-destaca-crecimiento-del-603-de-las-exportaciones-en-2025","status":"publish","type":"post","link":"https:\/\/www.radioamigavallenar.cl\/?p=97622","title":{"rendered":"ProChile Atacama destaca crecimiento del 60,3% de las exportaciones en 2025"},"content":{"rendered":"<p style=\"text-align: left;\" align=\"center\">Env\u00edos regionales son liderados por las Manufacturas de oro y las Uvas frescas. Un total de 139 empresas locales llegaron con sus productos a 62 mercados internacionales.<\/p>\n<p>La Regi\u00f3n Atacama registr\u00f3 un crecimiento de 60,3% en sus exportaciones durante 2025, alcanzando un total de US$ 3.723 millones, lo que refleja un s\u00f3lido desempe\u00f1o del comercio exterior regional.<\/p>\n<p>Los principales bienes exportados desde la Regi\u00f3n de Atacama fueron las Manufacturas de oro (US$ 2.289 Millones, +307,5%), Hierro (US$ 1.139 Millones, -18,3%), las Uvas frescas (US$ 110 Millones, +32,6%), Oro (US$ 42 Millones, +22,8%) y Algas (US$ 41 Millones, +1,0%).<\/p>\n<p>El director regional (s) de ProChile Atacama, Orlando Zanoni, destac\u00f3 este resultado, subrayando que \u201cel importante aumento de los env\u00edos de la regi\u00f3n se mantuvo, a pesar del complejo escenario del comercio mundial. Trabajamos con las empresas locales para darles m\u00e1s oportunidades de negocio en nuevos mercados y nos pone muy contentos ver c\u00f3mo avanzamos en esta labor de internacionalizaci\u00f3n\u201d.<\/p>\n<p>Los env\u00edos de la regi\u00f3n son liderados por el subsector Minerales con US$ 3.471 (+74,3%), y tambi\u00e9n destacan los env\u00edos de pisco. \u201cEste a\u00f1o 2025 tambi\u00e9n fue importante porque tuvimos las primeras exportaciones de pisco a mercados internacionales por un total de env\u00edos que sumaron US$ 37 mil. M\u00e1s all\u00e1 de las cifras, este es un hecho in\u00e9dito para la regi\u00f3n y es el primer resultado de un trabajo que comenz\u00f3 el a\u00f1o 2023\u201d, destaca Zanoni desde ProChile Atacama.<\/p>\n<p>El subsector Agropecuarios sum\u00f3 env\u00edos por US$ 141 millones (-29,5%), y las Uvas frescas lideran las exportaciones con US$ 110 millones (+32,6%), le siguen las Paltas frescas (US$ 7 millones, +213,8%), Limones frescos (US$ 6 millones, +3,9%) y las Clementinas frescas (US$ 4 millones, +569,1%). Los principales destinos de estos productos son Estados Unidos (US$ 82 millones, +44,3%), Jap\u00f3n US$ 6 millones, -47,5%) y China (US$ 4 millones, -10,6%).<\/p>\n<p>Los principales mercados de destino para los env\u00edos en el 2025 fueron India (US$ 994 millones), China (US$ 896 millones), Suiza (US$ 892 millones), Canad\u00e1 (US$ 407 millones), Bahr\u00e9in (US$ 160 millones) y Estados Unidos (US$ 103 millones).<\/p>\n<p>En relaci\u00f3n con las empresas, un total de 139 de ellas exportaron desde Atacama. Del total 76 son grandes empresas, 42 son Pymes y 11 son micro.<\/p>\n","protected":false},"excerpt":{"rendered":"<p>Env\u00edos regionales son liderados por las Manufacturas de oro y las Uvas frescas. Un total de 139 empresas locales llegaron con sus productos a 62&hellip; <\/p>\n","protected":false},"author":7,"featured_media":97623,"comment_status":"closed","ping_status":"closed","sticky":false,"template":"","format":"standard","meta":{"footnotes":""},"categories":[7],"tags":[],"class_list":["post-97622","post","type-post","status-publish","format-standard","has-post-thumbnail","hentry","category-atacama"],"_links":{"self":[{"href":"https:\/\/www.radioamigavallenar.cl\/index.php?rest_route=\/wp\/v2\/posts\/97622","targetHints":{"allow":["GET"]}}],"collection":[{"href":"https:\/\/www.radioamigavallenar.cl\/index.php?rest_route=\/wp\/v2\/posts"}],"about":[{"href":"https:\/\/www.radioamigavallenar.cl\/index.php?rest_route=\/wp\/v2\/types\/post"}],"author":[{"embeddable":true,"href":"https:\/\/www.radioamigavallenar.cl\/index.php?rest_route=\/wp\/v2\/users\/7"}],"replies":[{"embeddable":true,"href":"https:\/\/www.radioamigavallenar.cl\/index.php?rest_route=%2Fwp%2Fv2%2Fcomments&post=97622"}],"version-history":[{"count":2,"href":"https:\/\/www.radioamigavallenar.cl\/index.php?rest_route=\/wp\/v2\/posts\/97622\/revisions"}],"predecessor-version":[{"id":97625,"href":"https:\/\/www.radioamigavallenar.cl\/index.php?rest_route=\/wp\/v2\/posts\/97622\/revisions\/97625"}],"wp:featuredmedia":[{"embeddable":true,"href":"https:\/\/www.radioamigavallenar.cl\/index.php?rest_route=\/wp\/v2\/media\/97623"}],"wp:attachment":[{"href":"https:\/\/www.radioamigavallenar.cl\/index.php?rest_route=%2Fwp%2Fv2%2Fmedia&parent=97622"}],"wp:term":[{"taxonomy":"category","embeddable":true,"href":"https:\/\/www.radioamigavallenar.cl\/index.php?rest_route=%2Fwp%2Fv2%2Fcategories&post=97622"},{"taxonomy":"post_tag","embeddable":true,"href":"https:\/\/www.radioamigavallenar.cl\/index.php?rest_route=%2Fwp%2Fv2%2Ftags&post=97622"}],"curies":[{"name":"wp","href":"https:\/\/api.w.org\/{rel}","templated":true}]}}