{"id":97619,"date":"2026-01-16T00:00:48","date_gmt":"2026-01-16T03:00:48","guid":{"rendered":"https:\/\/www.radioamigavallenar.cl\/?p=97619"},"modified":"2026-01-16T00:50:05","modified_gmt":"2026-01-16T03:50:05","slug":"sernapesca-publica-nominas-finales-de-caducidad-en-el-registro-pesquero-artesanal-y-abre-proceso-de-reclamaciones","status":"publish","type":"post","link":"https:\/\/www.radioamigavallenar.cl\/?p=97619","title":{"rendered":"Sernapesca publica n\u00f3minas finales de caducidad en el registro pesquero artesanal y abre proceso de reclamaciones"},"content":{"rendered":"<p class=\"x_MsoNormal\">De acuerdo con el proceso establecido en la Ley General de Pesca y Acuicultura, todos los a\u00f1os el Servicio Nacional de Pesca y Acuicultura (Sernapesca) realiza una revisi\u00f3n del Registro Pesquero Artesanal (RPA) para caducar a aquellas inscripciones que ya no cumplen con los requisitos establecidos por la misma ley.<\/p>\n<p class=\"x_MsoNormal\" aria-hidden=\"true\">\n<p class=\"x_MsoNormal\">Tras la suspensi\u00f3n del proceso durante la pandemia, \u00e9ste fue retomado de forma progresiva, entre el 2024 y el 2025, considerando aquellas causales de caducidad como matr\u00edculas de pescador artesanal vencidas, embarcaciones sin pago de patente pesquera y embarcaciones con cambio de propiedad, adem\u00e1s de aquellos pescadores\/as que fallecieron en un per\u00edodo de dos a\u00f1os.<\/p>\n<p class=\"x_MsoNormal\" aria-hidden=\"true\">\n<p class=\"x_MsoNormal\">Para ello, el Servicio realiz\u00f3 un completo an\u00e1lisis, recopilando y revisando los antecedentes dispuestos por la Autoridad Mar\u00edtima, la Subsecretar\u00eda de Pesca y Acuicultura y el Registro Civil, que sirvieron de base para las n\u00f3minas finales de caducidad dispuestas en las resoluciones respectivas, a las cuales aquellos pescadores y pescadoras afectadas por la normativa, pueden presentar sus descargos para regularizar su situaci\u00f3n.<\/p>\n<p class=\"x_MsoNormal\" aria-hidden=\"true\">\n<p class=\"x_MsoNormal\">Las n\u00f3minas finales de caducidad y sus resoluciones, se encuentran disponibles en la p\u00e1gina web del Sernapesca, las que contemplan aproximadamente m\u00e1s de 12.000 registros que pierden la inscripci\u00f3n total, categor\u00edas de pescadores\/as, fallecidos y m\u00e1s de 500 embarcaciones, quienes podr\u00e1n interponer la reclamaci\u00f3n ante la Subsecretaria de Pesca y Acuicultura hasta el 30 de marzo de 2026, con excepci\u00f3n de aquellos que no pagaron la patente pesquera, hasta el 10 de abril de 2026, ambos como plazo m\u00e1ximo, de acuerdo a lo establecido en cada una de las resoluciones.<\/p>\n<p class=\"x_MsoNormal\" aria-hidden=\"true\">\n<p class=\"x_MsoNormal\">Los pescadores\/as y armadores\/as podr\u00e1n acercarse a la oficina de Sernapesca m\u00e1s cercana para presentar su reclamaci\u00f3n con los formatos correspondientes publicados en la web y desvirtuar la causal de caducidad.<\/p>\n","protected":false},"excerpt":{"rendered":"<p>De acuerdo con el proceso establecido en la Ley General de Pesca y Acuicultura, todos los a\u00f1os el Servicio Nacional de Pesca y Acuicultura (Sernapesca)&hellip; <\/p>\n","protected":false},"author":7,"featured_media":97620,"comment_status":"closed","ping_status":"closed","sticky":false,"template":"","format":"standard","meta":{"footnotes":""},"categories":[38],"tags":[],"class_list":["post-97619","post","type-post","status-publish","format-standard","has-post-thumbnail","hentry","category-portada-regional"],"_links":{"self":[{"href":"https:\/\/www.radioamigavallenar.cl\/index.php?rest_route=\/wp\/v2\/posts\/97619","targetHints":{"allow":["GET"]}}],"collection":[{"href":"https:\/\/www.radioamigavallenar.cl\/index.php?rest_route=\/wp\/v2\/posts"}],"about":[{"href":"https:\/\/www.radioamigavallenar.cl\/index.php?rest_route=\/wp\/v2\/types\/post"}],"author":[{"embeddable":true,"href":"https:\/\/www.radioamigavallenar.cl\/index.php?rest_route=\/wp\/v2\/users\/7"}],"replies":[{"embeddable":true,"href":"https:\/\/www.radioamigavallenar.cl\/index.php?rest_route=%2Fwp%2Fv2%2Fcomments&post=97619"}],"version-history":[{"count":1,"href":"https:\/\/www.radioamigavallenar.cl\/index.php?rest_route=\/wp\/v2\/posts\/97619\/revisions"}],"predecessor-version":[{"id":97621,"href":"https:\/\/www.radioamigavallenar.cl\/index.php?rest_route=\/wp\/v2\/posts\/97619\/revisions\/97621"}],"wp:featuredmedia":[{"embeddable":true,"href":"https:\/\/www.radioamigavallenar.cl\/index.php?rest_route=\/wp\/v2\/media\/97620"}],"wp:attachment":[{"href":"https:\/\/www.radioamigavallenar.cl\/index.php?rest_route=%2Fwp%2Fv2%2Fmedia&parent=97619"}],"wp:term":[{"taxonomy":"category","embeddable":true,"href":"https:\/\/www.radioamigavallenar.cl\/index.php?rest_route=%2Fwp%2Fv2%2Fcategories&post=97619"},{"taxonomy":"post_tag","embeddable":true,"href":"https:\/\/www.radioamigavallenar.cl\/index.php?rest_route=%2Fwp%2Fv2%2Ftags&post=97619"}],"curies":[{"name":"wp","href":"https:\/\/api.w.org\/{rel}","templated":true}]}}