{"id":97612,"date":"2026-01-15T12:54:19","date_gmt":"2026-01-15T15:54:19","guid":{"rendered":"https:\/\/www.radioamigavallenar.cl\/?p=97612"},"modified":"2026-01-15T12:54:19","modified_gmt":"2026-01-15T15:54:19","slug":"seremi-veronica-rivera-celebra-impacto-y-desarrollo-social-tras-aprobacion-del-proyecto-de-ley-chile-cuida","status":"publish","type":"post","link":"https:\/\/www.radioamigavallenar.cl\/?p=97612","title":{"rendered":"Seremi Ver\u00f3nica Rivera celebra impacto y desarrollo social tras aprobaci\u00f3n del proyecto de ley: Chile Cuida"},"content":{"rendered":"<p>La nueva Normativa, reconoce el derecho al cuidado en tres dimensiones: el derecho a cuidar, a ser cuidado y al autocuidado, adem\u00e1s, establece el deber del Estado de garantizar progresivamente una oferta suficiente de apoyos y cuidados, avanzando hacia un sistema universal que acompa\u00f1e a las personas a lo largo del ciclo de vida.<\/p>\n<p>&nbsp;<\/p>\n<p>Con el objetivo de valorar, destacar y precisar sus alcances, la Seremi de Desarrollo Social y Familia, Ver\u00f3nica Rivera Reynoso, se refiri\u00f3 al proyecto de ley que Crea el Sistema Nacional de Apoyos y Cuidados, Chile Cuida, cuya aprobaci\u00f3n en la Sala del Senado ya es un hecho, y en consecuencia, ha concluido de manera exitosa su tr\u00e1mite legislativo, proyectando su pronta promulgaci\u00f3n y publicaci\u00f3n en el Diario Oficial.<\/p>\n<p>&nbsp;<\/p>\n<p>La autoridad explic\u00f3 que, \u201ccon la ley, impulsada por el Gobierno de nuestro Presidente Gabriel Boric y Ministra Javiera Toro, se deja de invisibilizar el rol de aquellas personas que son cuidadoras y, adem\u00e1s, promueve una reforma estructural e hist\u00f3rica, ya que incorpora a los cuidados como el cuarto pilar de la protecci\u00f3n social. Cuidar, ya no debe ser una tarea individual y se debe realizar entre hombres y mujeres, familias, comunidades, Estado y sector privado\u201d.<\/p>\n<p>&nbsp;<\/p>\n<p>\u201cDesde ahora, el Estado asume una responsabilidad diferente frente a la vida, tanto de las personas que requieren ser cuidadas, como de aquellas personas que, cuidan sin ning\u00fan tipo de remuneraci\u00f3n o apoyo. Cabe relevar, adem\u00e1s, que, esta ley nace de un trabajo articulado, democr\u00e1tico y con la participaci\u00f3n de personas cuidadoras. Nuestro Gobierno trabaj\u00f3 de manera transversal con parlamentarios y parlamentarias, de ambas c\u00e1maras del Congreso, y el resultado es un triunfo para Chile, ya que se suma, al grupo de naciones y pa\u00edses del mundo que reconocen los cuidados como un derecho social\u201d, agreg\u00f3 Ver\u00f3nica Rivera Reynoso.<\/p>\n<p>&nbsp;<\/p>\n<p style=\"text-align: center;\"><strong>DETALLE DEL PROYECTO<\/strong><\/p>\n<p>&nbsp;<\/p>\n<p>La iniciativa crea el Sistema Nacional de Apoyos y Cuidados (SNAC), como un modelo de gesti\u00f3n intersectorial, multinivel y permanente, cuya coordinaci\u00f3n recae en el Ministerio de Desarrollo Social y Familia, a trav\u00e9s de la nueva Secretar\u00eda de Apoyos y Cuidados. El Sistema articula pol\u00edticas, programas y servicios existentes, eliminando duplicidades y fortaleciendo la eficiencia del gasto p\u00fablico, con foco en la autonom\u00eda, la prevenci\u00f3n de la dependencia y el acompa\u00f1amiento a las personas cuidadoras.<\/p>\n<p>&nbsp;<\/p>\n<p>El SNAC reconoce el derecho al cuidado para todas las personas, garantiz\u00e1ndolo a quienes, en atenci\u00f3n a su situaci\u00f3n de dependencia o por no haber alcanzado su plena autonom\u00eda, requieran recibir cuidados; y a las personas cuidadoras, ya sean remuneradas o no. Adem\u00e1s, establece un cat\u00e1logo de derechos para titulares del sistema y derechos espec\u00edficos para personas cuidadoras no remuneradas.<\/p>\n<p>&nbsp;<\/p>\n<p>El programa base es la actual Red Local de Apoyos y Cuidados (RLAC), avanzando hacia la universalidad progresiva en todas las comunas del pa\u00eds, con cobertura por grado de dependencia, y no por criterio socioecon\u00f3mico, incorpor\u00e1ndose transitoriamente: Programa 4 a 7, Centros Diurnos, Cuidados Domiciliarios, Subsidio ELEAM, Viviendas Tuteladas, Residencias para personas con discapacidad, Tr\u00e1nsito a la Vida Independiente, Ayudas t\u00e9cnicas, Pago a cuidadores, Centros Comunitarios de Cuidados.<\/p>\n<p>&nbsp;<\/p>\n<p>Los \u00f3rganos del Estado deben adoptar medidas para cumplir los fines del SNAC. Asimismo, se establece que tanto el Estado como privados deben promover la corresponsabilidad social y de g\u00e9nero, la conciliaci\u00f3n, la prevenci\u00f3n de violencia y el autocuidado, consagr\u00e1ndose tambi\u00e9n obligaciones espec\u00edficas para varios ministerios (MINSAL, MINTRAB, MINVU, MINEDUC, etc.).<\/p>\n","protected":false},"excerpt":{"rendered":"<p>La nueva Normativa, reconoce el derecho al cuidado en tres dimensiones: el derecho a cuidar, a ser cuidado y al autocuidado, adem\u00e1s, establece el deber&hellip; <\/p>\n","protected":false},"author":7,"featured_media":97613,"comment_status":"closed","ping_status":"closed","sticky":false,"template":"","format":"standard","meta":{"footnotes":""},"categories":[7],"tags":[],"class_list":["post-97612","post","type-post","status-publish","format-standard","has-post-thumbnail","hentry","category-atacama"],"_links":{"self":[{"href":"https:\/\/www.radioamigavallenar.cl\/index.php?rest_route=\/wp\/v2\/posts\/97612","targetHints":{"allow":["GET"]}}],"collection":[{"href":"https:\/\/www.radioamigavallenar.cl\/index.php?rest_route=\/wp\/v2\/posts"}],"about":[{"href":"https:\/\/www.radioamigavallenar.cl\/index.php?rest_route=\/wp\/v2\/types\/post"}],"author":[{"embeddable":true,"href":"https:\/\/www.radioamigavallenar.cl\/index.php?rest_route=\/wp\/v2\/users\/7"}],"replies":[{"embeddable":true,"href":"https:\/\/www.radioamigavallenar.cl\/index.php?rest_route=%2Fwp%2Fv2%2Fcomments&post=97612"}],"version-history":[{"count":1,"href":"https:\/\/www.radioamigavallenar.cl\/index.php?rest_route=\/wp\/v2\/posts\/97612\/revisions"}],"predecessor-version":[{"id":97614,"href":"https:\/\/www.radioamigavallenar.cl\/index.php?rest_route=\/wp\/v2\/posts\/97612\/revisions\/97614"}],"wp:featuredmedia":[{"embeddable":true,"href":"https:\/\/www.radioamigavallenar.cl\/index.php?rest_route=\/wp\/v2\/media\/97613"}],"wp:attachment":[{"href":"https:\/\/www.radioamigavallenar.cl\/index.php?rest_route=%2Fwp%2Fv2%2Fmedia&parent=97612"}],"wp:term":[{"taxonomy":"category","embeddable":true,"href":"https:\/\/www.radioamigavallenar.cl\/index.php?rest_route=%2Fwp%2Fv2%2Fcategories&post=97612"},{"taxonomy":"post_tag","embeddable":true,"href":"https:\/\/www.radioamigavallenar.cl\/index.php?rest_route=%2Fwp%2Fv2%2Ftags&post=97612"}],"curies":[{"name":"wp","href":"https:\/\/api.w.org\/{rel}","templated":true}]}}