{"id":97560,"date":"2026-01-14T09:00:28","date_gmt":"2026-01-14T12:00:28","guid":{"rendered":"https:\/\/www.radioamigavallenar.cl\/?p=97560"},"modified":"2026-01-14T12:48:14","modified_gmt":"2026-01-14T15:48:14","slug":"sala-de-la-camara-votaria-hoy-reajuste-al-sector-publico-y-funcionarios-convocan-banderazo","status":"publish","type":"post","link":"https:\/\/www.radioamigavallenar.cl\/?p=97560","title":{"rendered":"Sala de la C\u00e1mara votar\u00eda hoy reajuste al sector p\u00fablico y funcionarios convocan \u00abbanderazo\u00bb"},"content":{"rendered":"<p>La iniciativa pas\u00f3 a la Sala con el pol\u00e9mico \u00abamarre\u00bb, que limita el despido de funcionarios.<\/p>\n<p>Ayer la comisi\u00f3n de Hacienda de la C\u00e1mara de Diputados vot\u00f3 el proyecto de reajuste al sector p\u00fablico, que fue despachado a la Sala.<\/p>\n<p><strong>Ser\u00e1 esta instancia la que hoy deber\u00e1 revisar la iniciativa, que ha suscitado pol\u00e9mica, principalmente por el denominado \u00abamarre\u00bb, que limita el despido de funcionarios p\u00fablicos.<\/strong><\/p>\n<p>El proyecto, adem\u00e1s, reajusta en 3,4% nominal el salario de los empleados del sector.<\/p>\n<p><strong>En este contexto, la Agrupaci\u00f3n Nacional de Empleados Fiscales (ANEF) convoc\u00f3 a un \u00abbanderazo\u00bb en el Congreso Nacional.<\/strong><\/p>\n<p>El objetivo de los empleados es que la ley sea aprobada por los parlamentarios.<\/p>\n<p><strong>\u00abLa demanda central es profunda y justa: exigir al Estado que respete y garantice la funci\u00f3n p\u00fablica, asegurando estabilidad en el empleo y el trabajo decente para sus trabajadores y trabajadores\u00bb, se\u00f1alaron desde la entidad.<\/strong><\/p>\n<p>\u00abEste acto -agregaron- simboliza la unidad y la movilizaci\u00f3n del sector p\u00fablico en defensa derechos laborales y en rechazo de la precarizaci\u00f3n\u00bb.<\/p>\n","protected":false},"excerpt":{"rendered":"<p>La iniciativa pas\u00f3 a la Sala con el pol\u00e9mico \u00abamarre\u00bb, que limita el despido de funcionarios. Ayer la comisi\u00f3n de Hacienda de la C\u00e1mara de&hellip; <\/p>\n","protected":false},"author":7,"featured_media":97561,"comment_status":"closed","ping_status":"closed","sticky":false,"template":"","format":"standard","meta":{"footnotes":""},"categories":[37],"tags":[],"class_list":["post-97560","post","type-post","status-publish","format-standard","has-post-thumbnail","hentry","category-nacional"],"_links":{"self":[{"href":"https:\/\/www.radioamigavallenar.cl\/index.php?rest_route=\/wp\/v2\/posts\/97560","targetHints":{"allow":["GET"]}}],"collection":[{"href":"https:\/\/www.radioamigavallenar.cl\/index.php?rest_route=\/wp\/v2\/posts"}],"about":[{"href":"https:\/\/www.radioamigavallenar.cl\/index.php?rest_route=\/wp\/v2\/types\/post"}],"author":[{"embeddable":true,"href":"https:\/\/www.radioamigavallenar.cl\/index.php?rest_route=\/wp\/v2\/users\/7"}],"replies":[{"embeddable":true,"href":"https:\/\/www.radioamigavallenar.cl\/index.php?rest_route=%2Fwp%2Fv2%2Fcomments&post=97560"}],"version-history":[{"count":1,"href":"https:\/\/www.radioamigavallenar.cl\/index.php?rest_route=\/wp\/v2\/posts\/97560\/revisions"}],"predecessor-version":[{"id":97562,"href":"https:\/\/www.radioamigavallenar.cl\/index.php?rest_route=\/wp\/v2\/posts\/97560\/revisions\/97562"}],"wp:featuredmedia":[{"embeddable":true,"href":"https:\/\/www.radioamigavallenar.cl\/index.php?rest_route=\/wp\/v2\/media\/97561"}],"wp:attachment":[{"href":"https:\/\/www.radioamigavallenar.cl\/index.php?rest_route=%2Fwp%2Fv2%2Fmedia&parent=97560"}],"wp:term":[{"taxonomy":"category","embeddable":true,"href":"https:\/\/www.radioamigavallenar.cl\/index.php?rest_route=%2Fwp%2Fv2%2Fcategories&post=97560"},{"taxonomy":"post_tag","embeddable":true,"href":"https:\/\/www.radioamigavallenar.cl\/index.php?rest_route=%2Fwp%2Fv2%2Ftags&post=97560"}],"curies":[{"name":"wp","href":"https:\/\/api.w.org\/{rel}","templated":true}]}}