{"id":97546,"date":"2026-01-14T11:36:25","date_gmt":"2026-01-14T14:36:25","guid":{"rendered":"https:\/\/www.radioamigavallenar.cl\/?p=97546"},"modified":"2026-01-14T11:36:25","modified_gmt":"2026-01-14T14:36:25","slug":"quiebre-en-el-oficialismo-ps-corta-relaciones-con-pc-y-fa-tras-criticas-por-apoyar-ley-nain-retamal","status":"publish","type":"post","link":"https:\/\/www.radioamigavallenar.cl\/?p=97546","title":{"rendered":"Quiebre en el oficialismo: PS corta relaciones con PC y FA tras cr\u00edticas por apoyar Ley Na\u00edn-Retamal"},"content":{"rendered":"<p>El\u00a0<strong>Partido Socialista (PS)<\/strong>\u00a0resolvi\u00f3 suspender su participaci\u00f3n en la coalici\u00f3n oficialista, en medio de una creciente tensi\u00f3n con el\u00a0<strong>Partido Comunista (PC) y el Frente Amplio (FA),<\/strong>\u00a0tras las duras cr\u00edticas dirigidas a parlamentarios socialistas que respaldaron la aprobaci\u00f3n de la\u00a0<a href=\"https:\/\/www.bcn.cl\/leychile\/navegar?idNorma=1191005\" target=\"_blank\" rel=\"noopener\">Ley Na\u00edn-Retamal<\/a>.<\/p>\n<p>La decisi\u00f3n fue confirmada por la presidenta del PS, Paulina Vodanovic, quien se\u00f1al\u00f3 que se trat\u00f3 de una determinaci\u00f3n adoptada en una \u201creuni\u00f3n de mesa de emergencia\u201d, convocada luego de lo que calificaron como \u201cagresiones\u201d desde sectores del oficialismo.<\/p>\n<p><strong>\u201cSomos todos miembros de una alianza de gobierno \u2014hasta hoy d\u00eda\u2014 y resulta bastante sorprendente que sean partidos de esta alianza, incluso el partido del propio Presidente de la Rep\u00fablica, los que ataquen al Gobierno\u201d,<\/strong>\u00a0sostuvo.<\/p>\n<p>En esa l\u00ednea, la timonel del PS cuestion\u00f3 las cr\u00edticas hacia la Ley Na\u00edn-Retamal que, record\u00f3, fue impulsada por el Ejecutivo.<\/p>\n<p>\u201cCuando se ataca un proyecto de ley que fue tramitado por la ministra del Interior, priorizado por la Segpres e incluido dentro de los logros del Gobierno, lo que ocurre es muy sorprendente\u201d, afirm\u00f3.<\/p>\n<p>Por su parte, la diputada socialista Daniela Cicardini, en conversaci\u00f3n con\u00a0TVN,<strong>\u00a0acus\u00f3 al Partido Comunista de actuar \u201cde manera agresiva y desleal contra el Presidente y contra los parlamentarios que votaron a favor de la Ley Nain-Retamal\u201d.<\/strong><\/p>\n<p>Seg\u00fan la parlamentaria por la regi\u00f3n de Coquimbo, posteriormente el Frente Amplio se sum\u00f3 a esa postura. \u201cEso no lo podemos dejar pasar, porque en la pr\u00e1ctica es ser desleal con el Presidente de la Rep\u00fablica\u201d, enfatiz\u00f3, agregando que como PS \u201chemos actuado de manera correcta con \u00e9l y con este Gobierno\u201d.<\/p>\n<p>Cicardini confirm\u00f3 adem\u00e1s que el PS decidi\u00f3 cortar relaciones pol\u00edticas con el PC y el FA, al menos de manera temporal, por las cr\u00edticas a prop\u00f3sito de la Ley Ra\u00edn-Retamal.\u00a0<strong>\u201cQuedan cortadas las relaciones hasta que puedan reivindicarse y retractarse de lo sucedido\u201d, indic\u00f3.<\/strong><\/p>\n<p>Finalmente, desde la colectividad ratificaron que no asistir\u00e1n al pr\u00f3ximo c\u00f3nclave oficialista ni participar\u00e1n de la comisi\u00f3n pol\u00edtica que se desarrolla en el Palacio de La Moneda, profundizando as\u00ed la crisis interna al interior del oficialismo.<\/p>\n","protected":false},"excerpt":{"rendered":"<p>El\u00a0Partido Socialista (PS)\u00a0resolvi\u00f3 suspender su participaci\u00f3n en la coalici\u00f3n oficialista, en medio de una creciente tensi\u00f3n con el\u00a0Partido Comunista (PC) y el Frente Amplio (FA),\u00a0tras&hellip; <\/p>\n","protected":false},"author":7,"featured_media":97547,"comment_status":"closed","ping_status":"closed","sticky":false,"template":"","format":"standard","meta":{"footnotes":""},"categories":[37],"tags":[],"class_list":["post-97546","post","type-post","status-publish","format-standard","has-post-thumbnail","hentry","category-nacional"],"_links":{"self":[{"href":"https:\/\/www.radioamigavallenar.cl\/index.php?rest_route=\/wp\/v2\/posts\/97546","targetHints":{"allow":["GET"]}}],"collection":[{"href":"https:\/\/www.radioamigavallenar.cl\/index.php?rest_route=\/wp\/v2\/posts"}],"about":[{"href":"https:\/\/www.radioamigavallenar.cl\/index.php?rest_route=\/wp\/v2\/types\/post"}],"author":[{"embeddable":true,"href":"https:\/\/www.radioamigavallenar.cl\/index.php?rest_route=\/wp\/v2\/users\/7"}],"replies":[{"embeddable":true,"href":"https:\/\/www.radioamigavallenar.cl\/index.php?rest_route=%2Fwp%2Fv2%2Fcomments&post=97546"}],"version-history":[{"count":1,"href":"https:\/\/www.radioamigavallenar.cl\/index.php?rest_route=\/wp\/v2\/posts\/97546\/revisions"}],"predecessor-version":[{"id":97548,"href":"https:\/\/www.radioamigavallenar.cl\/index.php?rest_route=\/wp\/v2\/posts\/97546\/revisions\/97548"}],"wp:featuredmedia":[{"embeddable":true,"href":"https:\/\/www.radioamigavallenar.cl\/index.php?rest_route=\/wp\/v2\/media\/97547"}],"wp:attachment":[{"href":"https:\/\/www.radioamigavallenar.cl\/index.php?rest_route=%2Fwp%2Fv2%2Fmedia&parent=97546"}],"wp:term":[{"taxonomy":"category","embeddable":true,"href":"https:\/\/www.radioamigavallenar.cl\/index.php?rest_route=%2Fwp%2Fv2%2Fcategories&post=97546"},{"taxonomy":"post_tag","embeddable":true,"href":"https:\/\/www.radioamigavallenar.cl\/index.php?rest_route=%2Fwp%2Fv2%2Ftags&post=97546"}],"curies":[{"name":"wp","href":"https:\/\/api.w.org\/{rel}","templated":true}]}}