{"id":97543,"date":"2026-01-14T09:10:26","date_gmt":"2026-01-14T12:10:26","guid":{"rendered":"https:\/\/www.radioamigavallenar.cl\/?p=97543"},"modified":"2026-01-14T09:27:09","modified_gmt":"2026-01-14T12:27:09","slug":"fiscalia-asegura-que-a-julia-chunil-la-mataron-detienen-a-tres-hijos-y-su-ex-yerno-por-parricidio","status":"publish","type":"post","link":"https:\/\/www.radioamigavallenar.cl\/?p=97543","title":{"rendered":"Fiscal\u00eda asegura que a Julia Chu\u00f1il la mataron: Detienen a tres hijos y su ex yerno por parricidio"},"content":{"rendered":"<div id=\"cuDetalle_cuTitular_contNoticia\">\n<p id=\"cuDetalle_cuTitular_bajadaNoticia\">Adem\u00e1s, los cuatro imputados ser\u00e1n formalizados por el delito de robo con violencia e intimidaci\u00f3n cometido en contra de un adulto mayor de 90 a\u00f1os.<\/p>\n<p>La Fiscal\u00eda Regional de Los R\u00edos asegur\u00f3 que\u00a0<strong>asesinaron a Julia Chu\u00f1il<\/strong>, la dirigenta mapuche que estaba desaparecida desde el 8 de noviembre del 2024. Y por este caso hay cuatro detenidos.<\/p>\n<p>Se trata de<strong>\u00a0tres hijos de la v\u00edctima, quienes ser\u00e1n formalizados por el delito de parricidio, y a su exyerno, quien enfrentar\u00e1 cargos por homicidio calificado.<\/strong><\/p>\n<p><strong>Los hijos son Pablo San Mart\u00edn Chu\u00f1il, Jeannette y Javier Troncoso Chu\u00f1il.<\/strong><\/p>\n<p>Adem\u00e1s, los cuatro ser\u00e1n formalizados por robo con violencia e intimidaci\u00f3n contra un adulto mayor de 90 a\u00f1os.<\/p>\n<p>Las detenciones se concretaron durante esta madrugada en domicilios de las comunas de\u00a0<strong>M\u00e1fil y Temuco<\/strong>, en un operativo desarrollado por m\u00e1s de un centenar de efectivos policiales de distintas especialidades de Carabineros, en cumplimiento de \u00f3rdenes de detenci\u00f3n solicitadas por la Fiscal Regional de Los R\u00edos, Tatiana Esquivel, las que fueron concedidas por el Juez de Garant\u00eda de Los Lagos.<\/p>\n<p>Durante esta jornada, la Fiscal\u00eda de Los R\u00edos pondr\u00e1 a los imputados a disposici\u00f3n del tribunal para su control de detenci\u00f3n y posterior formalizaci\u00f3n.<\/p>\n<p>Estas detenciones se obtuvieron luego de una investigaci\u00f3n compleja, silenciosa y reservada, cuyos antecedentes ser\u00e1n expuestos por la Fiscal\u00eda en la audiencia de control de la detenci\u00f3n y formalizaci\u00f3n de la investigaci\u00f3n, la que se desarrollar\u00e1 en las pr\u00f3ximas horas.<\/p>\n<\/div>\n<div id=\"barra-agencias-info\"><\/div>\n","protected":false},"excerpt":{"rendered":"<p>Adem\u00e1s, los cuatro imputados ser\u00e1n formalizados por el delito de robo con violencia e intimidaci\u00f3n cometido en contra de un adulto mayor de 90 a\u00f1os.&hellip; <\/p>\n","protected":false},"author":7,"featured_media":97544,"comment_status":"closed","ping_status":"closed","sticky":false,"template":"","format":"standard","meta":{"footnotes":""},"categories":[37],"tags":[],"class_list":["post-97543","post","type-post","status-publish","format-standard","has-post-thumbnail","hentry","category-nacional"],"_links":{"self":[{"href":"https:\/\/www.radioamigavallenar.cl\/index.php?rest_route=\/wp\/v2\/posts\/97543","targetHints":{"allow":["GET"]}}],"collection":[{"href":"https:\/\/www.radioamigavallenar.cl\/index.php?rest_route=\/wp\/v2\/posts"}],"about":[{"href":"https:\/\/www.radioamigavallenar.cl\/index.php?rest_route=\/wp\/v2\/types\/post"}],"author":[{"embeddable":true,"href":"https:\/\/www.radioamigavallenar.cl\/index.php?rest_route=\/wp\/v2\/users\/7"}],"replies":[{"embeddable":true,"href":"https:\/\/www.radioamigavallenar.cl\/index.php?rest_route=%2Fwp%2Fv2%2Fcomments&post=97543"}],"version-history":[{"count":1,"href":"https:\/\/www.radioamigavallenar.cl\/index.php?rest_route=\/wp\/v2\/posts\/97543\/revisions"}],"predecessor-version":[{"id":97545,"href":"https:\/\/www.radioamigavallenar.cl\/index.php?rest_route=\/wp\/v2\/posts\/97543\/revisions\/97545"}],"wp:featuredmedia":[{"embeddable":true,"href":"https:\/\/www.radioamigavallenar.cl\/index.php?rest_route=\/wp\/v2\/media\/97544"}],"wp:attachment":[{"href":"https:\/\/www.radioamigavallenar.cl\/index.php?rest_route=%2Fwp%2Fv2%2Fmedia&parent=97543"}],"wp:term":[{"taxonomy":"category","embeddable":true,"href":"https:\/\/www.radioamigavallenar.cl\/index.php?rest_route=%2Fwp%2Fv2%2Fcategories&post=97543"},{"taxonomy":"post_tag","embeddable":true,"href":"https:\/\/www.radioamigavallenar.cl\/index.php?rest_route=%2Fwp%2Fv2%2Ftags&post=97543"}],"curies":[{"name":"wp","href":"https:\/\/api.w.org\/{rel}","templated":true}]}}