{"id":97540,"date":"2026-01-14T09:24:48","date_gmt":"2026-01-14T12:24:48","guid":{"rendered":"https:\/\/www.radioamigavallenar.cl\/?p=97540"},"modified":"2026-01-14T09:24:48","modified_gmt":"2026-01-14T12:24:48","slug":"suspenden-pgu-a-13-mil-adultos-mayores-por-supuestamente-haber-permanecido-fuera-del-pais-por-mas-de-tres-meses","status":"publish","type":"post","link":"https:\/\/www.radioamigavallenar.cl\/?p=97540","title":{"rendered":"Suspenden PGU a 13 mil adultos mayores por supuestamente haber permanecido fuera del pa\u00eds por m\u00e1s de tres meses"},"content":{"rendered":"<div id=\"cuDetalle_cuTitular_contNoticia\">\n<p id=\"cuDetalle_cuTitular_bajadaNoticia\">Los casos se registran desde Arica hasta el sur del pa\u00eds. Miguel Toledo Alegr\u00eda, director regional del IPS ChileAtiende Valpara\u00edso, reconoci\u00f3 el problema.<\/p>\n<\/div>\n<div id=\"barra-agencias-info\">\n<p>Adultos mayores de distintas regiones del pa\u00eds denuncian la suspensi\u00f3n del pago de la\u00a0<strong>Pensi\u00f3n Garantizada Universal (PGU)<\/strong>, la cual se produjo por supuestamente haber permanecido fuera del pa\u00eds por m\u00e1s de tres meses. Los afectados acusan que no han salido del territorio nacional, por lo que la cancelaci\u00f3n del beneficio se trata de un error.<\/p>\n<p>Seg\u00fan consign\u00f3 24 Horas, cerca de 13 mil beneficiarios fueron notificados mediante carta por el Instituto de Previsi\u00f3n Social (IPS) sobre el cese del beneficio, luego de que la Polic\u00eda de Investigaciones (PDI) reportara al organismo eventuales salidas del pa\u00eds por parte de los afectados.<\/p>\n<p>Seg\u00fan los registros de la PDI, estos beneficiarios habr\u00edan permanecido m\u00e1s de 180 d\u00edas en el extranjero, incumpliendo el requisito de residencia. Sin embargo,\u00a0<strong>los afectados aseguran que no han cruzado la frontera en a\u00f1os.<\/strong><\/p>\n<p>De acuerdo con La Estrella de Valpara\u00edso, quienes han resultado perjudicados con esta situaci\u00f3n se han organizado a trav\u00e9s de redes sociales y grupos de mensajer\u00eda, reuniendo casos desde Arica hasta el sur del pa\u00eds. Si bien la agrupaci\u00f3n ya eval\u00faa acciones legales por los perjuicios causados y la posible vulneraci\u00f3n de datos personales, el foco principal hoy es la urgencia de restituir los dineros.<\/p>\n<p><strong>Miguel Toledo Alegr\u00eda, director regional del IPS ChileAtiende Valpara\u00edso,<\/strong>\u00a0abord\u00f3 la controversia explicando que la suspensi\u00f3n es un mandato legal autom\u00e1tico cuando la entidad fiscalizadora (PDI) informa de la salida del pa\u00eds y el no retorno.<\/p>\n<p>\u00abObligatoriamente, por ley, se debe revisar anualmente el cumplimiento de la permanencia en el pa\u00eds de las personas, lo que es una exigencia de las entidades fiscalizadoras\u00bb, se\u00f1al\u00f3 la autoridad.<\/p>\n<p>Toledo reconoci\u00f3 el problema: \u00abM\u00e1s all\u00e1 de esto, como instituci\u00f3n hemos tomado conocimiento de los casos que han consultado y nos ponemos en el lugar de esas personas. Por supuesto que trabajaremos con la mayor celeridad posible, y en conjunto con PDI, para revisar la informaci\u00f3n de estas personas\u00bb.<\/p>\n<\/div>\n","protected":false},"excerpt":{"rendered":"<p>Los casos se registran desde Arica hasta el sur del pa\u00eds. Miguel Toledo Alegr\u00eda, director regional del IPS ChileAtiende Valpara\u00edso, reconoci\u00f3 el problema. Adultos mayores&hellip; <\/p>\n","protected":false},"author":7,"featured_media":97541,"comment_status":"closed","ping_status":"closed","sticky":false,"template":"","format":"standard","meta":{"footnotes":""},"categories":[37],"tags":[],"class_list":["post-97540","post","type-post","status-publish","format-standard","has-post-thumbnail","hentry","category-nacional"],"_links":{"self":[{"href":"https:\/\/www.radioamigavallenar.cl\/index.php?rest_route=\/wp\/v2\/posts\/97540","targetHints":{"allow":["GET"]}}],"collection":[{"href":"https:\/\/www.radioamigavallenar.cl\/index.php?rest_route=\/wp\/v2\/posts"}],"about":[{"href":"https:\/\/www.radioamigavallenar.cl\/index.php?rest_route=\/wp\/v2\/types\/post"}],"author":[{"embeddable":true,"href":"https:\/\/www.radioamigavallenar.cl\/index.php?rest_route=\/wp\/v2\/users\/7"}],"replies":[{"embeddable":true,"href":"https:\/\/www.radioamigavallenar.cl\/index.php?rest_route=%2Fwp%2Fv2%2Fcomments&post=97540"}],"version-history":[{"count":1,"href":"https:\/\/www.radioamigavallenar.cl\/index.php?rest_route=\/wp\/v2\/posts\/97540\/revisions"}],"predecessor-version":[{"id":97542,"href":"https:\/\/www.radioamigavallenar.cl\/index.php?rest_route=\/wp\/v2\/posts\/97540\/revisions\/97542"}],"wp:featuredmedia":[{"embeddable":true,"href":"https:\/\/www.radioamigavallenar.cl\/index.php?rest_route=\/wp\/v2\/media\/97541"}],"wp:attachment":[{"href":"https:\/\/www.radioamigavallenar.cl\/index.php?rest_route=%2Fwp%2Fv2%2Fmedia&parent=97540"}],"wp:term":[{"taxonomy":"category","embeddable":true,"href":"https:\/\/www.radioamigavallenar.cl\/index.php?rest_route=%2Fwp%2Fv2%2Fcategories&post=97540"},{"taxonomy":"post_tag","embeddable":true,"href":"https:\/\/www.radioamigavallenar.cl\/index.php?rest_route=%2Fwp%2Fv2%2Ftags&post=97540"}],"curies":[{"name":"wp","href":"https:\/\/api.w.org\/{rel}","templated":true}]}}