{"id":97537,"date":"2026-01-14T09:10:25","date_gmt":"2026-01-14T12:10:25","guid":{"rendered":"https:\/\/www.radioamigavallenar.cl\/?p=97537"},"modified":"2026-01-14T09:10:25","modified_gmt":"2026-01-14T12:10:25","slug":"mas-de-80-corredores-fueron-parte-de-la-vuelta-al-valle-del-huasco","status":"publish","type":"post","link":"https:\/\/www.radioamigavallenar.cl\/?p=97537","title":{"rendered":"M\u00e1s de 80 corredores fueron parte de la \u00abVuelta al valle del Huasco\u00bb"},"content":{"rendered":"<p>Durante tres intensas jornadas, la provincia del Huasco se transform\u00f3 en la capital del ciclismo de ruta, con la realizaci\u00f3n del Campeonato Nacional Vuelta al Valle del Huasco, evento deportivo que reuni\u00f3 a m\u00e1s de 80 corredores provenientes de distintas regiones del pa\u00eds, adem\u00e1s de la destacada participaci\u00f3n de ciclistas argentinos.<\/p>\n<p>La competencia se desarroll\u00f3 entre el viernes 9 y el domingo 11, inici\u00e1ndose en la comuna de Vallenar con un atractivo pr\u00f3logo disputado en un circuito callejero, que dio el vamos oficial a esta primera versi\u00f3n del certamen.<\/p>\n<p>El d\u00eda s\u00e1bado 10, la acci\u00f3n continu\u00f3 en la comuna de Huasco, con un exigente circuito costero de 120 kil\u00f3metros, donde los corredores enfrentaron condiciones propias del borde mar y extensos tramos de alta exigencia f\u00edsica.<\/p>\n<p>Finalmente, la Vuelta al Valle del Huasco culmin\u00f3 en la comuna de Freirina, con una etapa final de 80 kil\u00f3metros, considerada por muchos como la m\u00e1s dura de la competencia, definiendo a los ganadores del campeonato en un recorrido marcado por la intensidad y el esfuerzo.<\/p>\n<p>El gran vencedor de esta primera versi\u00f3n fue Jos\u00e9 Autran, ciclista con trayectoria deportiva en Europa, quien se qued\u00f3 con el primer lugar de la clasificaci\u00f3n general, consolid\u00e1ndose como el mejor de la competencia.<\/p>\n<p>En cuanto a la participaci\u00f3n local, se destac\u00f3 el desempe\u00f1o de Brayan Antequera, quien obtuvo el tercer lugar en la categor\u00eda Junior, y Alan Barraza Peralta, que alcanz\u00f3 el sexto lugar en la categor\u00eda Elite, dejando en alto el nombre del ciclismo del valle.<\/p>\n<p>Esta importante iniciativa deportiva cont\u00f3 con el financiamiento del Gobierno Regional de Atacama y el apoyo de los municipios de Vallenar, Huasco y Freirina. Asimismo, se destac\u00f3 la labor organizativa del ciclista local Basti\u00e1n D\u00edaz San Mart\u00edn, quien en esta oportunidad asumi\u00f3 la responsabilidad de liderar la organizaci\u00f3n del evento.<\/p>\n<p>La primera Vuelta al Valle del Huasco se proyecta as\u00ed como un hito deportivo para la provincia, con miras a consolidarse como una competencia de referencia a nivel nacional e internacional.<\/p>\n<p>&nbsp;<\/p>\n<p>Fuente: <a href=\"https:\/\/elnoticierodelhuasco.cl\/2026\/01\/mas-de-80-corredores-fueron-parte-de-la-vuelta-al-valle-del-huasco\/\" target=\"_blank\" rel=\"noopener\">El Noticiero Del Huasco<\/a><\/p>\n","protected":false},"excerpt":{"rendered":"<p>Durante tres intensas jornadas, la provincia del Huasco se transform\u00f3 en la capital del ciclismo de ruta, con la realizaci\u00f3n del Campeonato Nacional Vuelta al&hellip; <\/p>\n","protected":false},"author":7,"featured_media":97538,"comment_status":"closed","ping_status":"closed","sticky":false,"template":"","format":"standard","meta":{"footnotes":""},"categories":[38],"tags":[],"class_list":["post-97537","post","type-post","status-publish","format-standard","has-post-thumbnail","hentry","category-portada-regional"],"_links":{"self":[{"href":"https:\/\/www.radioamigavallenar.cl\/index.php?rest_route=\/wp\/v2\/posts\/97537","targetHints":{"allow":["GET"]}}],"collection":[{"href":"https:\/\/www.radioamigavallenar.cl\/index.php?rest_route=\/wp\/v2\/posts"}],"about":[{"href":"https:\/\/www.radioamigavallenar.cl\/index.php?rest_route=\/wp\/v2\/types\/post"}],"author":[{"embeddable":true,"href":"https:\/\/www.radioamigavallenar.cl\/index.php?rest_route=\/wp\/v2\/users\/7"}],"replies":[{"embeddable":true,"href":"https:\/\/www.radioamigavallenar.cl\/index.php?rest_route=%2Fwp%2Fv2%2Fcomments&post=97537"}],"version-history":[{"count":1,"href":"https:\/\/www.radioamigavallenar.cl\/index.php?rest_route=\/wp\/v2\/posts\/97537\/revisions"}],"predecessor-version":[{"id":97539,"href":"https:\/\/www.radioamigavallenar.cl\/index.php?rest_route=\/wp\/v2\/posts\/97537\/revisions\/97539"}],"wp:featuredmedia":[{"embeddable":true,"href":"https:\/\/www.radioamigavallenar.cl\/index.php?rest_route=\/wp\/v2\/media\/97538"}],"wp:attachment":[{"href":"https:\/\/www.radioamigavallenar.cl\/index.php?rest_route=%2Fwp%2Fv2%2Fmedia&parent=97537"}],"wp:term":[{"taxonomy":"category","embeddable":true,"href":"https:\/\/www.radioamigavallenar.cl\/index.php?rest_route=%2Fwp%2Fv2%2Fcategories&post=97537"},{"taxonomy":"post_tag","embeddable":true,"href":"https:\/\/www.radioamigavallenar.cl\/index.php?rest_route=%2Fwp%2Fv2%2Ftags&post=97537"}],"curies":[{"name":"wp","href":"https:\/\/api.w.org\/{rel}","templated":true}]}}