{"id":97534,"date":"2026-01-14T08:59:58","date_gmt":"2026-01-14T11:59:58","guid":{"rendered":"https:\/\/www.radioamigavallenar.cl\/?p=97534"},"modified":"2026-01-14T08:59:58","modified_gmt":"2026-01-14T11:59:58","slug":"ministerio-de-agricultura-avanza-en-medidas-de-mitigacion-y-adaptacion-para-el-plan-de-accion-regional-de-cambio-climatico-regional","status":"publish","type":"post","link":"https:\/\/www.radioamigavallenar.cl\/?p=97534","title":{"rendered":"Ministerio de Agricultura avanza en medidas de mitigaci\u00f3n y adaptaci\u00f3n para el Plan de acci\u00f3n regional de Cambio Clim\u00e1tico Regional"},"content":{"rendered":"<p>Con el fin de que el sector agr\u00edcola enfrente de manera adecuada el calentamiento global, el equipo del Ministerio de Agricultura, integrante del Comit\u00e9 Regional de Cambio Clim\u00e1tico, CORECC, avanza en las medidas de mitigaci\u00f3n y adaptaci\u00f3n, contenidas en el Plan de Acci\u00f3n Regional de Mitigaci\u00f3n al Cambio Clim\u00e1tico.<\/p>\n<p>&nbsp;<\/p>\n<p>Al respecto la secretaria regional ministerial (S) Paola Torres Gonz\u00e1lez, se\u00f1al\u00f3 que \u201csi bien lo normal en nuestra regi\u00f3n es la sequ\u00eda, debemos seguir trabajando en un uso eficiente de nuestros recursos h\u00eddricos y naturales, por lo que los servicios pertenecientes al ministerio de Agricultura est\u00e1n ejecutando iniciativas, que mitigan los efectos de este nuevo escenario\u201d.<\/p>\n<p>&nbsp;<\/p>\n<p>Una de las medidas que actualmente est\u00e1 desarrollando el Ministerio de Agricultura, es el Programa de Sistema e Incentivo para la Recuperaci\u00f3n de Suelos Degradados, en que INDAP y SAG, apoyan a sus usuarios a recuperar el potencial productivo de los suelos agropecuarios y mantener los niveles de mejoramiento alcanzados, mediante actividades y obras que contemple la Sustentabilidad de los suelos. Y, actualmente, se desarrollan acciones para levantar iniciativas de fomento regionales, que respondan a la demanda insatisfecha del programa en Atacama.<\/p>\n<p>&nbsp;<\/p>\n<p>En materia ap\u00edcola destaca, el proyecto \u201cConsultor\u00eda especializada para la transmisi\u00f3n de conocimiento y t\u00e9cnicas ap\u00edcolas para una apicultura resiliente en un escenario de cambio clim\u00e1tico, para apicultores de la regi\u00f3n de Atacama\u201d y el Programa de Asociatividad Econ\u00f3mica, PAE Ap\u00edcola, instrumento de fomento para la asociatividad econ\u00f3mica que apoya a grupos de apicultores, como la cooperativa ApiHuasco, mediante incentivos econ\u00f3micos no reembolsables para cofinanciar servicios y fortalecer la producci\u00f3n y comercializaci\u00f3n de miel.<\/p>\n<p>&nbsp;<\/p>\n<p>Respecto del tema h\u00eddrico, la Comisi\u00f3n Nacional de Riego, destin\u00f3 6.178.350.680 de pesos, para bonificar obras de sistemas de riego tecnificado intraprediales, entubamiento o revestimiento de canales, que permitan la disminuci\u00f3n de p\u00e9rdidas por infiltraci\u00f3n y evaporaci\u00f3n durante la conducci\u00f3n del agua de riego, y a trav\u00e9s de obras de acumulaci\u00f3n, intra y extraprediales, que permitan acumular el agua de los turnos de riego<\/p>\n<p>&nbsp;<\/p>\n<p>Hay que destacar que el Plan de Acci\u00f3n Regional de Cambio Clim\u00e1tico de Atacama es producto del trabajo realizado por el CORECC, que es liderado por el Gobierno Regional, amparado por la ley marco de Cambio Clim\u00e1tico del Ministerio de Medio Ambiente.<\/p>\n","protected":false},"excerpt":{"rendered":"<p>Con el fin de que el sector agr\u00edcola enfrente de manera adecuada el calentamiento global, el equipo del Ministerio de Agricultura, integrante del Comit\u00e9 Regional&hellip; <\/p>\n","protected":false},"author":7,"featured_media":97535,"comment_status":"closed","ping_status":"closed","sticky":false,"template":"","format":"standard","meta":{"footnotes":""},"categories":[38],"tags":[],"class_list":["post-97534","post","type-post","status-publish","format-standard","has-post-thumbnail","hentry","category-portada-regional"],"_links":{"self":[{"href":"https:\/\/www.radioamigavallenar.cl\/index.php?rest_route=\/wp\/v2\/posts\/97534","targetHints":{"allow":["GET"]}}],"collection":[{"href":"https:\/\/www.radioamigavallenar.cl\/index.php?rest_route=\/wp\/v2\/posts"}],"about":[{"href":"https:\/\/www.radioamigavallenar.cl\/index.php?rest_route=\/wp\/v2\/types\/post"}],"author":[{"embeddable":true,"href":"https:\/\/www.radioamigavallenar.cl\/index.php?rest_route=\/wp\/v2\/users\/7"}],"replies":[{"embeddable":true,"href":"https:\/\/www.radioamigavallenar.cl\/index.php?rest_route=%2Fwp%2Fv2%2Fcomments&post=97534"}],"version-history":[{"count":1,"href":"https:\/\/www.radioamigavallenar.cl\/index.php?rest_route=\/wp\/v2\/posts\/97534\/revisions"}],"predecessor-version":[{"id":97536,"href":"https:\/\/www.radioamigavallenar.cl\/index.php?rest_route=\/wp\/v2\/posts\/97534\/revisions\/97536"}],"wp:featuredmedia":[{"embeddable":true,"href":"https:\/\/www.radioamigavallenar.cl\/index.php?rest_route=\/wp\/v2\/media\/97535"}],"wp:attachment":[{"href":"https:\/\/www.radioamigavallenar.cl\/index.php?rest_route=%2Fwp%2Fv2%2Fmedia&parent=97534"}],"wp:term":[{"taxonomy":"category","embeddable":true,"href":"https:\/\/www.radioamigavallenar.cl\/index.php?rest_route=%2Fwp%2Fv2%2Fcategories&post=97534"},{"taxonomy":"post_tag","embeddable":true,"href":"https:\/\/www.radioamigavallenar.cl\/index.php?rest_route=%2Fwp%2Fv2%2Ftags&post=97534"}],"curies":[{"name":"wp","href":"https:\/\/api.w.org\/{rel}","templated":true}]}}