{"id":97527,"date":"2026-01-14T00:00:51","date_gmt":"2026-01-14T03:00:51","guid":{"rendered":"https:\/\/www.radioamigavallenar.cl\/?p=97527"},"modified":"2026-01-13T23:31:07","modified_gmt":"2026-01-14T02:31:07","slug":"puesta-en-marcha-del-hospital-de-diego-de-almagro-comenzo-traslado-funcionarios-al-nuevo-recinto","status":"publish","type":"post","link":"https:\/\/www.radioamigavallenar.cl\/?p=97527","title":{"rendered":"Puesta en Marcha del Hospital de Diego de Almagro: comenz\u00f3 traslado funcionarios al nuevo recinto"},"content":{"rendered":"<p lang=\"es-ES\" align=\"justify\"><span lang=\"es-CL\">Continuando con el proceso de puesta en marcha del hospital Florencio Vargas D\u00edaz de Diego de Almagro, funcionarios y funcionarias comenzaron con el traslado a las nuevas dependencias. Trabajo que se realizar\u00e1 de manera gradual, informando oportunamente cada etapa del traslado de las distintas unidades.<\/span><\/p>\n<div class=\"code-block code-block-3\">\n<div id=\"sas_99069\"><\/div>\n<\/div>\n<p lang=\"es-ES\" align=\"justify\">\u201c<span lang=\"es-CL\">Estamos muy contentos porque seguimos avanzando en el nuevo Hospital de Diego de Almagro. Se ha completado la revisi\u00f3n del nuevo edificio y nuestros funcionarios se encuentran reconociendo las nuevas dependencias. Asimismo, se ha procedido a la instalaci\u00f3n del mobiliario, equipos y maquinarias, asegurando que todo est\u00e9 listo para la atenci\u00f3n de nuestros usuarios y usuarias. Durante el mes de diciembre se realiz\u00f3 el traslado del \u00e1rea administrativa y dentro de los pr\u00f3ximos d\u00edas comenzar\u00e1 el traslado del \u00e1rea de la Atenci\u00f3n Primaria de Salud (APS), Farmacia, SOME y Urgencia, los cuales estaremos informando de manera oportuna\u201d detall\u00f3 el Director del Servicio de Salud Atacama (SSA) Bernardo Villablanca Llanos.<\/span><\/p>\n<p lang=\"es-ES\" align=\"justify\"><span lang=\"es-CL\">Actualmente, los equipos de puesta en marcha del SSA y Hospital de Diego de Almagro est\u00e1n trabajando de manera coordinada para lograr concretar durante los primeros d\u00edas de febrero el traslado de los equipos que quedan en el hospital modular. \u201cAgradecemos profundamente la comprensi\u00f3n y el apoyo de la comunidad durante este importante avance para la salud de Diego de Almagro. Seguimos trabajando de manera ardua con el compromiso de todos nuestros equipos. Hoy contamos con un Hospital moderno, que ha incorporado m\u00e1s prestaciones y mejores espacios para atender a todos nuestros usuarios. Este hito nos permite seguir avanzando, con el foco puesto en la atenci\u00f3n digna, cercana y de calidad para toda nuestra comunidad\u201d expres\u00f3 la Directora del Hospital Florencio Vargas D\u00edaz, Francisca Rivera Latorre.<\/span><\/p>\n<p lang=\"es-ES\" align=\"justify\"><span lang=\"es-CL\">Por otro, con el objetivo de que la comunidad se acerque al nuevo recinto de salud, el equipo de Participaci\u00f3n Ciudadana est\u00e1 realizando visitas guiadas los d\u00edas 14 y 21 de enero a las dependencias del nuevo Hospital para conocer su nuevo recinto de salud. Las personas interesadas deben inscribirse llamando al n\u00famero 52 2 257200. \u201cEstamos aprovechando estas instancias para dialogar con las comunidades, transmiti\u00e9ndoles la tranquilidad de que las obras avanzan conforme a lo planificado y las fechas de entrega se mantienen. Ese plazo ya est\u00e1 a la vuelta de la esquina, por lo que seguiremos trabajando y participando activamente de este modelo de revisi\u00f3n en terreno, compartiendo los avances con todas y todos\u201d finaliz\u00f3 el Jefe de la Red Asistencial de Atacama.<\/span><\/p>\n","protected":false},"excerpt":{"rendered":"<p>Continuando con el proceso de puesta en marcha del hospital Florencio Vargas D\u00edaz de Diego de Almagro, funcionarios y funcionarias comenzaron con el traslado a&hellip; <\/p>\n","protected":false},"author":7,"featured_media":97528,"comment_status":"closed","ping_status":"closed","sticky":false,"template":"","format":"standard","meta":{"footnotes":""},"categories":[38],"tags":[],"class_list":["post-97527","post","type-post","status-publish","format-standard","has-post-thumbnail","hentry","category-portada-regional"],"_links":{"self":[{"href":"https:\/\/www.radioamigavallenar.cl\/index.php?rest_route=\/wp\/v2\/posts\/97527","targetHints":{"allow":["GET"]}}],"collection":[{"href":"https:\/\/www.radioamigavallenar.cl\/index.php?rest_route=\/wp\/v2\/posts"}],"about":[{"href":"https:\/\/www.radioamigavallenar.cl\/index.php?rest_route=\/wp\/v2\/types\/post"}],"author":[{"embeddable":true,"href":"https:\/\/www.radioamigavallenar.cl\/index.php?rest_route=\/wp\/v2\/users\/7"}],"replies":[{"embeddable":true,"href":"https:\/\/www.radioamigavallenar.cl\/index.php?rest_route=%2Fwp%2Fv2%2Fcomments&post=97527"}],"version-history":[{"count":1,"href":"https:\/\/www.radioamigavallenar.cl\/index.php?rest_route=\/wp\/v2\/posts\/97527\/revisions"}],"predecessor-version":[{"id":97529,"href":"https:\/\/www.radioamigavallenar.cl\/index.php?rest_route=\/wp\/v2\/posts\/97527\/revisions\/97529"}],"wp:featuredmedia":[{"embeddable":true,"href":"https:\/\/www.radioamigavallenar.cl\/index.php?rest_route=\/wp\/v2\/media\/97528"}],"wp:attachment":[{"href":"https:\/\/www.radioamigavallenar.cl\/index.php?rest_route=%2Fwp%2Fv2%2Fmedia&parent=97527"}],"wp:term":[{"taxonomy":"category","embeddable":true,"href":"https:\/\/www.radioamigavallenar.cl\/index.php?rest_route=%2Fwp%2Fv2%2Fcategories&post=97527"},{"taxonomy":"post_tag","embeddable":true,"href":"https:\/\/www.radioamigavallenar.cl\/index.php?rest_route=%2Fwp%2Fv2%2Ftags&post=97527"}],"curies":[{"name":"wp","href":"https:\/\/api.w.org\/{rel}","templated":true}]}}