{"id":97521,"date":"2026-01-14T00:00:13","date_gmt":"2026-01-14T03:00:13","guid":{"rendered":"https:\/\/www.radioamigavallenar.cl\/?p=97521"},"modified":"2026-01-13T23:25:37","modified_gmt":"2026-01-14T02:25:37","slug":"sea-respalda-proyecto-de-prospeccion-minera-de-barrick-y-lo-deja-ad-portas-de-aprobacion-en-atacama","status":"publish","type":"post","link":"https:\/\/www.radioamigavallenar.cl\/?p=97521","title":{"rendered":"SEA respalda proyecto de prospecci\u00f3n minera de Barrick y lo deja ad portas de aprobaci\u00f3n en Atacama"},"content":{"rendered":"<p>El Servicio de Evaluaci\u00f3n Ambiental (SEA) de la Regi\u00f3n de Atacama recomend\u00f3 aprobar la Declaraci\u00f3n de Impacto Ambiental (DIA) del proyecto\u00a0<strong>Prospecci\u00f3n Minera El Alto<\/strong>, iniciativa impulsada por la canadiense\u00a0<strong>Barrick<\/strong>\u00a0que busca retomar actividades de exploraci\u00f3n en la zona cordillerana de la regi\u00f3n bajo un nuevo est\u00e1ndar de control ambiental y monitoreo t\u00e9cnico.<\/p>\n<p>La recomendaci\u00f3n qued\u00f3 plasmada en el Informe Consolidado de Evaluaci\u00f3n (ICE), documento t\u00e9cnico mediante el cual el SEA concluy\u00f3 que el proyecto cumple con la normativa vigente, siempre que se respeten una serie de condiciones obligatorias. La decisi\u00f3n final recaer\u00e1 en la Comisi\u00f3n de Evaluaci\u00f3n Ambiental de Atacama (Coeva), que votar\u00e1 la iniciativa en su pr\u00f3xima sesi\u00f3n fijada para el lunes 19 de enero, a las 15:00 horas.<\/p>\n<div class=\"code-block code-block-default code-block-6\"><\/div>\n<p>El proyecto considera una inversi\u00f3n estimada de US$35 millones y tiene como objetivo generar informaci\u00f3n geol\u00f3gica detallada mediante sondajes de prospecci\u00f3n, incorporando tecnolog\u00edas actualizadas y protocolos de seguridad reforzados. Se trata de un paso relevante para Barrick en su estrategia de exploraci\u00f3n en\u00a0<a title=\"M\u00e1s Informaci\u00f3n de Chile\" href=\"https:\/\/www.redimin.cl\/temas\/chile\/\" data-internallinksmanager029f6b8e52c=\"10\">Chile<\/a>, particularmente en un territorio de alta sensibilidad ambiental.<\/p>\n<h2 class=\"wp-block-heading\" style=\"text-align: center;\">Exigencias t\u00e9cnicas y resguardos ambientales<\/h2>\n<p>En su pronunciamiento, el SEA estableci\u00f3 nueve condiciones fundamentales orientadas a prevenir impactos y asegurar un adecuado control durante la ejecuci\u00f3n del proyecto. Estas abarcan componentes arqueol\u00f3gicos, paleontol\u00f3gicos, glaciol\u00f3gicos, t\u00e9rmicos y de emisiones atmosf\u00e9ricas, reflejando la complejidad ambiental del \u00e1rea donde se emplazar\u00e1n los sondajes.<\/p>\n<div class=\"code-block code-block-default code-block-8\"><\/div>\n<p>En materia arqueol\u00f3gica y paleontol\u00f3gica, el organismo exigi\u00f3 que todos los trabajadores reciban charlas de inducci\u00f3n impartidas por especialistas acreditados. El objetivo es que el personal conozca los elementos protegidos presentes en el \u00e1rea y los procedimientos que deben activarse ante eventuales hallazgos fortuitos, en cumplimiento de la legislaci\u00f3n patrimonial vigente.<\/p>\n<div class=\"code-block code-block-default code-block-10\"><\/div>\n<p>Uno de los aspectos m\u00e1s relevantes del ICE se vincula al monitoreo t\u00e9rmico del suelo y del permafrost. El proyecto deber\u00e1 implementar mediciones en puntos dentro y fuera del \u00e1rea de prospecci\u00f3n, comenzando desde la fase de construcci\u00f3n. Asimismo, Barrick deber\u00e1 presentar una modelaci\u00f3n t\u00e9rmica que permita evaluar los efectos de los sondajes sobre la estabilidad t\u00e9rmica del terreno, con el fin de prevenir alteraciones irreversibles.<\/p>\n<h2 class=\"wp-block-heading\" style=\"text-align: center;\">Glaciares, aire y cierre del proyecto<\/h2>\n<p>Respecto de los glaciares y glaciaretes cercanos, el SEA exigi\u00f3 la entrega de informes t\u00e9cnicos de monitoreo remoto dentro de los 30 d\u00edas h\u00e1biles posteriores a cada temporada de prospecci\u00f3n. A ello se suma la obligaci\u00f3n de realizar observaciones visuales peri\u00f3dicas, mediciones de albedo y un seguimiento espec\u00edfico de material particulado sedimentable (MPS), sin que se permita intervenci\u00f3n directa sobre estos cuerpos de hielo.<\/p>\n<div class=\"code-block code-block-default code-block-10\"><\/div>\n<p>En relaci\u00f3n con las emisiones atmosf\u00e9ricas, el proyecto deber\u00e1 operar un sistema de monitoreo mensual de MPS durante las campa\u00f1as de exploraci\u00f3n, reportando los resultados a la\u00a0<strong>Superintendencia del Medio Ambiente<\/strong>.<\/p>\n<p>Al t\u00e9rmino de las faenas, la compa\u00f1\u00eda deber\u00e1 presentar un informe final detallando la ubicaci\u00f3n y caracter\u00edsticas de los sondajes, incluyendo antecedentes hidrogeol\u00f3gicos no asociados a recursos minerales, cerrando as\u00ed el ciclo de evaluaci\u00f3n y control.<\/p>\n<h2 class=\"wp-block-heading\" style=\"text-align: center;\">Compromiso comunitario y transparencia<\/h2>\n<div class=\"code-block code-block-default code-block-10\"><\/div>\n<p>Como compromiso ambiental voluntario, Barrick \u2014a trav\u00e9s de su filial Compa\u00f1\u00eda Minera Nevada\u2014 anunci\u00f3 la habilitaci\u00f3n de una oficina de atenci\u00f3n comunitaria para recibir consultas, reclamos y sugerencias vinculadas al proyecto. La medida se alinea con los principios del\u00a0<strong>Acuerdo de Escaz\u00fa<\/strong>, suscrito por\u00a0<a title=\"M\u00e1s Informaci\u00f3n de Chile\" href=\"https:\/\/www.redimin.cl\/temas\/chile\/\" data-internallinksmanager029f6b8e52c=\"10\">Chile<\/a>\u00a0en 2022, y apunta a reforzar la transparencia y el acceso a la informaci\u00f3n ambiental.<\/p>\n<p>Con la recomendaci\u00f3n favorable del SEA, el proyecto Prospecci\u00f3n Minera El Alto queda a la espera de la decisi\u00f3n pol\u00edtica-administrativa de la Coeva, en un escenario donde exploraci\u00f3n minera y resguardo ambiental vuelven a cruzarse en uno de los territorios m\u00e1s sensibles del pa\u00eds.<\/p>\n","protected":false},"excerpt":{"rendered":"<p>El Servicio de Evaluaci\u00f3n Ambiental (SEA) de la Regi\u00f3n de Atacama recomend\u00f3 aprobar la Declaraci\u00f3n de Impacto Ambiental (DIA) del proyecto\u00a0Prospecci\u00f3n Minera El Alto, iniciativa&hellip; <\/p>\n","protected":false},"author":7,"featured_media":97522,"comment_status":"closed","ping_status":"closed","sticky":false,"template":"","format":"standard","meta":{"footnotes":""},"categories":[7],"tags":[],"class_list":["post-97521","post","type-post","status-publish","format-standard","has-post-thumbnail","hentry","category-atacama"],"_links":{"self":[{"href":"https:\/\/www.radioamigavallenar.cl\/index.php?rest_route=\/wp\/v2\/posts\/97521","targetHints":{"allow":["GET"]}}],"collection":[{"href":"https:\/\/www.radioamigavallenar.cl\/index.php?rest_route=\/wp\/v2\/posts"}],"about":[{"href":"https:\/\/www.radioamigavallenar.cl\/index.php?rest_route=\/wp\/v2\/types\/post"}],"author":[{"embeddable":true,"href":"https:\/\/www.radioamigavallenar.cl\/index.php?rest_route=\/wp\/v2\/users\/7"}],"replies":[{"embeddable":true,"href":"https:\/\/www.radioamigavallenar.cl\/index.php?rest_route=%2Fwp%2Fv2%2Fcomments&post=97521"}],"version-history":[{"count":1,"href":"https:\/\/www.radioamigavallenar.cl\/index.php?rest_route=\/wp\/v2\/posts\/97521\/revisions"}],"predecessor-version":[{"id":97523,"href":"https:\/\/www.radioamigavallenar.cl\/index.php?rest_route=\/wp\/v2\/posts\/97521\/revisions\/97523"}],"wp:featuredmedia":[{"embeddable":true,"href":"https:\/\/www.radioamigavallenar.cl\/index.php?rest_route=\/wp\/v2\/media\/97522"}],"wp:attachment":[{"href":"https:\/\/www.radioamigavallenar.cl\/index.php?rest_route=%2Fwp%2Fv2%2Fmedia&parent=97521"}],"wp:term":[{"taxonomy":"category","embeddable":true,"href":"https:\/\/www.radioamigavallenar.cl\/index.php?rest_route=%2Fwp%2Fv2%2Fcategories&post=97521"},{"taxonomy":"post_tag","embeddable":true,"href":"https:\/\/www.radioamigavallenar.cl\/index.php?rest_route=%2Fwp%2Fv2%2Ftags&post=97521"}],"curies":[{"name":"wp","href":"https:\/\/api.w.org\/{rel}","templated":true}]}}