{"id":97517,"date":"2026-01-14T00:00:01","date_gmt":"2026-01-14T03:00:01","guid":{"rendered":"https:\/\/www.radioamigavallenar.cl\/?p=97517"},"modified":"2026-01-14T00:05:30","modified_gmt":"2026-01-14T03:05:30","slug":"incautan-95-toneladas-de-huiro-palo-en-fiscalizacion-de-sernapesca-y-la-armada-en-caldera","status":"publish","type":"post","link":"https:\/\/www.radioamigavallenar.cl\/?p=97517","title":{"rendered":"Incautan 9,5 toneladas de huiro palo en fiscalizaci\u00f3n de Sernapesca y la Armada en Caldera"},"content":{"rendered":"<p>Con el objetivo de verificar el cumplimiento de la normativa vigente en la cadena de valor de las algas pardas, los equipos de trabajo de la Direcci\u00f3n Regional del Servicio Nacional de Pesca y Acuicultura (Sernapesca) en Atacama, conjuntamente con efectivos de la Armada de Chile, realizaron una fiscalizaci\u00f3n a la extracci\u00f3n de algas pardas en el borde costero de la comuna de Caldera.<\/p>\n<p>&nbsp;<\/p>\n<p>El control se realiz\u00f3 espec\u00edficamente en el sector de Obispito, donde los fiscalizadores hicieron revisiones a los documentos de acreditaci\u00f3n de origen legal y la inscripci\u00f3n de los buzos en el Registro Pesquero Artesanal (RPA), constatando que est\u00e9n con todos los documentos en regla.<\/p>\n<p>&nbsp;<\/p>\n<p>Producto de la fiscalizaci\u00f3n se cursaron tres citaciones ante el Juzgado de Letras y Garant\u00eda de Caldera, de las cuales dos fueron por buzos sin inscripci\u00f3n en el RPA y una por transporte de recursos sin acreditaci\u00f3n de origen legal. Adem\u00e1s, se incautaron 9,5 toneladas de huiro palo en estado h\u00famedo.<\/p>\n<p>&nbsp;<\/p>\n<p>Guillermo Rivera, Director Regional de Sernapesca Atacama, destac\u00f3 el trabajo realizado por Sernapesca y la Armada, en el marco de la Red Sustenta. \u201cEs importante todo el esfuerzo que se realiza para garantizar el cumplimiento normativo en la cadena de valor de las algas pardas en la regi\u00f3n. No hay que olvidar la relevancia de este tipo de recursos en el ecosistema marino, adem\u00e1s de ser fuente de ingresos para cientos de familias de la regi\u00f3n. Seguiremos, junto a la Red Sustenta, fiscalizando en el borde costero la extracci\u00f3n de algas pardas\u201d, se\u00f1al\u00f3 la autoridad.<\/p>\n<p>&nbsp;<\/p>\n<audio class=\"wp-audio-shortcode\" id=\"audio-97517-1\" preload=\"none\" style=\"width: 100%;\" controls=\"controls\"><source type=\"audio\/mpeg\" src=\"https:\/\/www.radioamigavallenar.cl\/wp-content\/uploads\/2026\/01\/CU-Guillermo-Rivera-x-Fiscalizacion-algas-pardas-en-Caldera.mp3?_=1\" \/><a href=\"https:\/\/www.radioamigavallenar.cl\/wp-content\/uploads\/2026\/01\/CU-Guillermo-Rivera-x-Fiscalizacion-algas-pardas-en-Caldera.mp3\">https:\/\/www.radioamigavallenar.cl\/wp-content\/uploads\/2026\/01\/CU-Guillermo-Rivera-x-Fiscalizacion-algas-pardas-en-Caldera.mp3<\/a><\/audio>\n","protected":false},"excerpt":{"rendered":"<p>Con el objetivo de verificar el cumplimiento de la normativa vigente en la cadena de valor de las algas pardas, los equipos de trabajo de&hellip; <\/p>\n","protected":false},"author":7,"featured_media":97519,"comment_status":"closed","ping_status":"closed","sticky":false,"template":"","format":"standard","meta":{"footnotes":""},"categories":[7],"tags":[],"class_list":["post-97517","post","type-post","status-publish","format-standard","has-post-thumbnail","hentry","category-atacama"],"_links":{"self":[{"href":"https:\/\/www.radioamigavallenar.cl\/index.php?rest_route=\/wp\/v2\/posts\/97517","targetHints":{"allow":["GET"]}}],"collection":[{"href":"https:\/\/www.radioamigavallenar.cl\/index.php?rest_route=\/wp\/v2\/posts"}],"about":[{"href":"https:\/\/www.radioamigavallenar.cl\/index.php?rest_route=\/wp\/v2\/types\/post"}],"author":[{"embeddable":true,"href":"https:\/\/www.radioamigavallenar.cl\/index.php?rest_route=\/wp\/v2\/users\/7"}],"replies":[{"embeddable":true,"href":"https:\/\/www.radioamigavallenar.cl\/index.php?rest_route=%2Fwp%2Fv2%2Fcomments&post=97517"}],"version-history":[{"count":1,"href":"https:\/\/www.radioamigavallenar.cl\/index.php?rest_route=\/wp\/v2\/posts\/97517\/revisions"}],"predecessor-version":[{"id":97520,"href":"https:\/\/www.radioamigavallenar.cl\/index.php?rest_route=\/wp\/v2\/posts\/97517\/revisions\/97520"}],"wp:featuredmedia":[{"embeddable":true,"href":"https:\/\/www.radioamigavallenar.cl\/index.php?rest_route=\/wp\/v2\/media\/97519"}],"wp:attachment":[{"href":"https:\/\/www.radioamigavallenar.cl\/index.php?rest_route=%2Fwp%2Fv2%2Fmedia&parent=97517"}],"wp:term":[{"taxonomy":"category","embeddable":true,"href":"https:\/\/www.radioamigavallenar.cl\/index.php?rest_route=%2Fwp%2Fv2%2Fcategories&post=97517"},{"taxonomy":"post_tag","embeddable":true,"href":"https:\/\/www.radioamigavallenar.cl\/index.php?rest_route=%2Fwp%2Fv2%2Ftags&post=97517"}],"curies":[{"name":"wp","href":"https:\/\/api.w.org\/{rel}","templated":true}]}}