{"id":97513,"date":"2026-01-14T00:00:26","date_gmt":"2026-01-14T03:00:26","guid":{"rendered":"https:\/\/www.radioamigavallenar.cl\/?p=97513"},"modified":"2026-01-13T23:16:58","modified_gmt":"2026-01-14T02:16:58","slug":"confemin-retoma-trabajo-conjunto-con-importante-organizacion-sindical-de-canada","status":"publish","type":"post","link":"https:\/\/www.radioamigavallenar.cl\/?p=97513","title":{"rendered":"CONFEMIN retoma trabajo conjunto con importante organizaci\u00f3n sindical de Canad\u00e1"},"content":{"rendered":"<p>Una importante reuni\u00f3n telem\u00e1tica sostuvieron los dirigentes de la Confederaci\u00f3n Minera de Chile, Hugo P\u00e1ez Su\u00e1rez, su presidente nacional, y el vicepresidente de Relaciones Internacionales Carlos Contreras Maldonado, con representantes del Sindicato de Trabajadores del Acero de Canad\u00e1 (United Steelworkers, USW ) con el fin de retomar relaciones de cooperaci\u00f3n que hasta el a\u00f1o 2028 estaban activas.<\/p>\n<p>En la ocasi\u00f3n se gener\u00f3 un fruct\u00edfero di\u00e1logo con los representantes de la USW, Jessica Far\u00edas, coordinadora del Fondo Humanitario de los Trabajadores del Acero, y Paul Bocking, dirigente de la USW, y que tuvo interesantes acuerdos en cuanto a colaboraci\u00f3n para avanzar en temas tan relevantes como son la automatizaci\u00f3n y robotizaci\u00f3n del trabajo en el mundo minero e industria asociada, as\u00ed como el tema de los accidentes y las enfermedades profesionales.<\/p>\n<p>Al respecto Hugo P\u00e1ez Su\u00e1rez, presidente nacional de CONFEMIN, valor\u00f3 esta recuperaci\u00f3n de relaciones con la USW, se\u00f1alando que \u201cEste contacto nos permite retomar nuevamente las conversaciones y avanzar en el intercambio de opiniones e ideas. M\u00e1s a\u00fan en el contexto de las empresas canadienses que operan en Chile y que, si bien deben ajustarse a la legislaci\u00f3n chilena, muchas veces eso va en desmedro de las organizaciones sindicales\u201d indicando adem\u00e1s el dirigente que esperan profundizar este nexo con uno de los sindicatos m\u00e1s poderosos de Norteam\u00e9rica, el cual cuenta s\u00f3lo en territorio canadiense m\u00e1s de 225 mil afiliados.<\/p>\n<p>&nbsp;<\/p>\n<audio class=\"wp-audio-shortcode\" id=\"audio-97513-1\" preload=\"none\" style=\"width: 100%;\" controls=\"controls\"><source type=\"audio\/mpeg\" src=\"https:\/\/www.radioamigavallenar.cl\/wp-content\/uploads\/2026\/01\/Hugo-Paez-3.mp3?_=1\" \/><a href=\"https:\/\/www.radioamigavallenar.cl\/wp-content\/uploads\/2026\/01\/Hugo-Paez-3.mp3\">https:\/\/www.radioamigavallenar.cl\/wp-content\/uploads\/2026\/01\/Hugo-Paez-3.mp3<\/a><\/audio>\n","protected":false},"excerpt":{"rendered":"<p>Una importante reuni\u00f3n telem\u00e1tica sostuvieron los dirigentes de la Confederaci\u00f3n Minera de Chile, Hugo P\u00e1ez Su\u00e1rez, su presidente nacional, y el vicepresidente de Relaciones Internacionales&hellip; <\/p>\n","protected":false},"author":7,"featured_media":97515,"comment_status":"closed","ping_status":"closed","sticky":false,"template":"","format":"standard","meta":{"footnotes":""},"categories":[7],"tags":[],"class_list":["post-97513","post","type-post","status-publish","format-standard","has-post-thumbnail","hentry","category-atacama"],"_links":{"self":[{"href":"https:\/\/www.radioamigavallenar.cl\/index.php?rest_route=\/wp\/v2\/posts\/97513","targetHints":{"allow":["GET"]}}],"collection":[{"href":"https:\/\/www.radioamigavallenar.cl\/index.php?rest_route=\/wp\/v2\/posts"}],"about":[{"href":"https:\/\/www.radioamigavallenar.cl\/index.php?rest_route=\/wp\/v2\/types\/post"}],"author":[{"embeddable":true,"href":"https:\/\/www.radioamigavallenar.cl\/index.php?rest_route=\/wp\/v2\/users\/7"}],"replies":[{"embeddable":true,"href":"https:\/\/www.radioamigavallenar.cl\/index.php?rest_route=%2Fwp%2Fv2%2Fcomments&post=97513"}],"version-history":[{"count":1,"href":"https:\/\/www.radioamigavallenar.cl\/index.php?rest_route=\/wp\/v2\/posts\/97513\/revisions"}],"predecessor-version":[{"id":97516,"href":"https:\/\/www.radioamigavallenar.cl\/index.php?rest_route=\/wp\/v2\/posts\/97513\/revisions\/97516"}],"wp:featuredmedia":[{"embeddable":true,"href":"https:\/\/www.radioamigavallenar.cl\/index.php?rest_route=\/wp\/v2\/media\/97515"}],"wp:attachment":[{"href":"https:\/\/www.radioamigavallenar.cl\/index.php?rest_route=%2Fwp%2Fv2%2Fmedia&parent=97513"}],"wp:term":[{"taxonomy":"category","embeddable":true,"href":"https:\/\/www.radioamigavallenar.cl\/index.php?rest_route=%2Fwp%2Fv2%2Fcategories&post=97513"},{"taxonomy":"post_tag","embeddable":true,"href":"https:\/\/www.radioamigavallenar.cl\/index.php?rest_route=%2Fwp%2Fv2%2Ftags&post=97513"}],"curies":[{"name":"wp","href":"https:\/\/api.w.org\/{rel}","templated":true}]}}