{"id":97510,"date":"2026-01-13T13:47:56","date_gmt":"2026-01-13T16:47:56","guid":{"rendered":"https:\/\/www.radioamigavallenar.cl\/?p=97510"},"modified":"2026-01-13T13:47:56","modified_gmt":"2026-01-13T16:47:56","slug":"justicia-absuelve-a-claudio-crespo-tras-ser-acusado-de-cegar-a-gustavo-gatica","status":"publish","type":"post","link":"https:\/\/www.radioamigavallenar.cl\/?p=97510","title":{"rendered":"Justicia absuelve a Claudio Crespo tras ser acusado de cegar a Gustavo Gatica"},"content":{"rendered":"<p>El\u00a0caso Gustavo Gatica\u00a0lleg\u00f3 a su fin este martes tras m\u00e1s de cinco a\u00f1os en tribunales, luego de que el Cuarto Tribunal Oral en lo Penal de Santiago absolviera al\u00a0exteniente coronel de Carabineros Claudio Crespo.<\/p>\n<p>En la oportunidad,\u00a0el tribunal desestim\u00f3 los cargos contra Crespo por apremios ileg\u00edtimos con resultado de lesiones graves grav\u00edsimas,\u00a0delito por el que arriesgaba hasta 12 a\u00f1os de c\u00e1rcel.<\/p>\n<p>Pese a lo anterior, los jueces destacaron que, si bien no existe un registro que muestre a Crespo disparando,\u00a0<span class=\"destacador destacado\">la mayor\u00eda del tribunal lleg\u00f3 a la conclusi\u00f3n de que el disparo que dej\u00f3 ciego a Gustavo Gatica s\u00ed fue percutado por la escopeta del excarabinero.<\/span><\/p>\n<p>De igual manera, los magistrados enfatizaron que el reglamento no establece alguna regulaci\u00f3n respecto a la forma en que debe efectuarse el disparo, considerando distancia y direccionamiento.<\/p>\n<h2 style=\"text-align: center;\">Claudio Crespo absuelto<\/h2>\n<p>Tambi\u00e9n, resaltan que Gustavo Gatica, al momento de resultar herido, ten\u00eda una piedra en la mano,\u00a0lo que es considerado como una \u201cagresi\u00f3n activa potencialmente letal\u201d. En ese sentido, se justificaba el uso de la escopeta antidisturbios, dado que los gases lacrim\u00f3genos\u00a0no eran suficientes para controlar el orden p\u00fablico.<\/p>\n<p>As\u00ed las cosas, la jueza explic\u00f3 que la conducta de Crespo,\u00a0\u201cque deriv\u00f3 en las lesiones sufridas\u201d por Gatica, se encuentra amparada en la leg\u00edtima defensa, \u201cante una agresi\u00f3n ileg\u00edtima, actual y potencialmente legal en el contexto del cumplimiento del deber constitucional y legal del orden p\u00fablico\u201d.<\/p>\n<p><span class=\"destacador destacado\">\u201cNo es posible atribuirle (a Claudio Crespo) participaci\u00f3n en calidad de autor de un delito de apremios ileg\u00edtimos (en contra de Gustavo Gatica)\u201d,<\/span>\u00a0se\u00f1al\u00f3 la jueza Cristina Cabello, presidenta del Cuarto Tribunal Oral en lo Penal de Santiago.<\/p>\n<p>Cabe destacar que a la audiencia tambi\u00e9n lleg\u00f3 el diputado y excandidato presidencial del Partido Nacional Libertario,\u00a0Johannes Kaiser,\u00a0junto a la diputada y senadora electa,\u00a0Camila Flores,\u00a0para brindarle su respaldo.<\/p>\n<p>Se trata de uno de los episodios m\u00e1s emblem\u00e1ticos de traumas\u00a0oculares ocurridos durante el estallido social.<\/p>\n","protected":false},"excerpt":{"rendered":"<p>El\u00a0caso Gustavo Gatica\u00a0lleg\u00f3 a su fin este martes tras m\u00e1s de cinco a\u00f1os en tribunales, luego de que el Cuarto Tribunal Oral en lo Penal&hellip; <\/p>\n","protected":false},"author":7,"featured_media":97511,"comment_status":"closed","ping_status":"closed","sticky":false,"template":"","format":"standard","meta":{"footnotes":""},"categories":[37],"tags":[],"class_list":["post-97510","post","type-post","status-publish","format-standard","has-post-thumbnail","hentry","category-nacional"],"_links":{"self":[{"href":"https:\/\/www.radioamigavallenar.cl\/index.php?rest_route=\/wp\/v2\/posts\/97510","targetHints":{"allow":["GET"]}}],"collection":[{"href":"https:\/\/www.radioamigavallenar.cl\/index.php?rest_route=\/wp\/v2\/posts"}],"about":[{"href":"https:\/\/www.radioamigavallenar.cl\/index.php?rest_route=\/wp\/v2\/types\/post"}],"author":[{"embeddable":true,"href":"https:\/\/www.radioamigavallenar.cl\/index.php?rest_route=\/wp\/v2\/users\/7"}],"replies":[{"embeddable":true,"href":"https:\/\/www.radioamigavallenar.cl\/index.php?rest_route=%2Fwp%2Fv2%2Fcomments&post=97510"}],"version-history":[{"count":1,"href":"https:\/\/www.radioamigavallenar.cl\/index.php?rest_route=\/wp\/v2\/posts\/97510\/revisions"}],"predecessor-version":[{"id":97512,"href":"https:\/\/www.radioamigavallenar.cl\/index.php?rest_route=\/wp\/v2\/posts\/97510\/revisions\/97512"}],"wp:featuredmedia":[{"embeddable":true,"href":"https:\/\/www.radioamigavallenar.cl\/index.php?rest_route=\/wp\/v2\/media\/97511"}],"wp:attachment":[{"href":"https:\/\/www.radioamigavallenar.cl\/index.php?rest_route=%2Fwp%2Fv2%2Fmedia&parent=97510"}],"wp:term":[{"taxonomy":"category","embeddable":true,"href":"https:\/\/www.radioamigavallenar.cl\/index.php?rest_route=%2Fwp%2Fv2%2Fcategories&post=97510"},{"taxonomy":"post_tag","embeddable":true,"href":"https:\/\/www.radioamigavallenar.cl\/index.php?rest_route=%2Fwp%2Fv2%2Ftags&post=97510"}],"curies":[{"name":"wp","href":"https:\/\/api.w.org\/{rel}","templated":true}]}}