{"id":97507,"date":"2026-01-13T09:48:12","date_gmt":"2026-01-13T12:48:12","guid":{"rendered":"https:\/\/www.radioamigavallenar.cl\/?p=97507"},"modified":"2026-01-13T12:49:43","modified_gmt":"2026-01-13T15:49:43","slug":"atencion-al-nuevo-requisito-obligatorio-para-sacar-o-renovar-la-licencia-de-conducir-en-chile","status":"publish","type":"post","link":"https:\/\/www.radioamigavallenar.cl\/?p=97507","title":{"rendered":"Atenci\u00f3n al nuevo requisito obligatorio para sacar o renovar la licencia de conducir en Chile"},"content":{"rendered":"<p><span data-contrast=\"none\">La\u00a0<\/span><b><span data-contrast=\"none\">seguridad vial<\/span><\/b><span data-contrast=\"none\">\u00a0junto con la licencia de conducir en Chile vive un cambio profundo tras la aprobaci\u00f3n de la\u00a0<\/span><b><span data-contrast=\"none\">Ley Jacinta<\/span><\/b><span data-contrast=\"none\">.\u00a0<\/span><span data-ccp-props=\"{&quot;134233117&quot;:false,&quot;134233118&quot;:false,&quot;335551550&quot;:0,&quot;335551620&quot;:0,&quot;335559738&quot;:0,&quot;335559739&quot;:240}\">\u00a0<\/span><\/p>\n<p><span data-contrast=\"none\">Esta normativa no solo busca reducir los accidentes de tr\u00e1nsito, sino que introduce exigencias de\u00a0<\/span><b><span data-contrast=\"none\">salud<\/span><\/b><span data-contrast=\"none\">\u00a0<strong>in\u00e9ditas<\/strong>\u00a0para garantizar que quienes est\u00e1n tras el volante\u00a0<strong>sean id\u00f3neos.\u00a0<\/strong><\/span><strong>\u00a0<\/strong><\/p>\n<p><span data-contrast=\"none\">El proceso ahora es m\u00e1s estricto y afecta tanto a quienes\u00a0<strong>sacan su documento por primera vez<\/strong>\u00a0como a quienes deben\u00a0<\/span><b><span data-contrast=\"none\">renovar la licencia de conducir<\/span><\/b><span data-contrast=\"none\">.<\/span><span data-ccp-props=\"{&quot;134233117&quot;:false,&quot;134233118&quot;:false,&quot;335551550&quot;:0,&quot;335551620&quot;:0,&quot;335559738&quot;:0,&quot;335559739&quot;:240}\">\u00a0<\/span><\/p>\n<p><span data-contrast=\"none\">A continuaci\u00f3n, te explicamos los cambios clave y\u00a0<strong>las nuevas sanciones<\/strong>\u00a0que trae esta\u00a0<strong>ley para los conductores.<\/strong><\/span><\/p>\n<h2 aria-level=\"2\"><b><span data-contrast=\"none\">El nuevo requisito clave\u00a0para la licencia de conducir<\/span><\/b><span data-ccp-props=\"{&quot;134233117&quot;:false,&quot;134233118&quot;:false,&quot;134245418&quot;:true,&quot;134245529&quot;:true,&quot;335551550&quot;:0,&quot;335551620&quot;:0,&quot;335559738&quot;:0,&quot;335559739&quot;:120}\">\u00a0<\/span><\/h2>\n<p><span data-contrast=\"none\">El eje central y\u00a0<\/span><b><span data-contrast=\"none\">requisito clave<\/span><\/b><span data-contrast=\"none\">\u00a0de este cambio es la incorporaci\u00f3n de una\u00a0<\/span><b><span data-contrast=\"none\">declaraci\u00f3n jurada de salud obligatoria<\/span><\/b><span data-contrast=\"none\">.\u00a0<\/span><span data-ccp-props=\"{&quot;134233117&quot;:false,&quot;134233118&quot;:false,&quot;335551550&quot;:0,&quot;335551620&quot;:0,&quot;335559738&quot;:0,&quot;335559739&quot;:240}\">\u00a0<\/span><\/p>\n<p><span data-contrast=\"none\">En este documento, cada postulante debe\u00a0<strong>certificar<\/strong>\u00a0formalmente que<strong>\u00a0no padece enfermedades<\/strong>\u00a0que limiten su\u00a0<strong>capacidad de conducir.<\/strong><\/span><strong>\u00a0<\/strong><\/p>\n<p><a href=\"https:\/\/www.mtt.gob.cl\/aprobada-ley-jacinta-aumenta-exigencias-de-salud-para-quienes-soliciten-o-renueven-licencia-de-conducir\/\" target=\"_blank\" rel=\"noopener\"><span data-contrast=\"none\">Seg\u00fan el\u00a0<\/span><b><span data-contrast=\"none\">Ministerio de Transportes y Telecomunicaciones (MTT)<\/span><\/b><\/a><span data-contrast=\"none\">, este paso refuerza la responsabilidad individual.\u00a0<\/span><span data-ccp-props=\"{&quot;134233117&quot;:false,&quot;134233118&quot;:false,&quot;335551550&quot;:0,&quot;335551620&quot;:0,&quot;335559738&quot;:0,&quot;335559739&quot;:240}\">\u00a0<\/span><\/p>\n<p><span data-contrast=\"none\">Ya no basta con el\u00a0<strong>examen m\u00e9dico tradicional<\/strong>; ahora el conductor asume un\u00a0<strong>compromiso legal<\/strong>\u00a0sobre su estado\u00a0<strong>f\u00edsico y ps\u00edquico<\/strong>, para cumplir con los nuevos\u00a0<\/span><b><span data-contrast=\"none\">cambios legales en tr\u00e1nsito<\/span><\/b><span data-contrast=\"none\">.<\/span><span data-ccp-props=\"{&quot;134233117&quot;:false,&quot;134233118&quot;:false,&quot;335551550&quot;:0,&quot;335551620&quot;:0,&quot;335559738&quot;:0,&quot;335559739&quot;:240}\">\u00a0<\/span><\/p>\n<h2 style=\"text-align: center;\" aria-level=\"2\"><b><span data-contrast=\"none\">Penas severas<\/span><\/b><span data-ccp-props=\"{&quot;134233117&quot;:false,&quot;134233118&quot;:false,&quot;134245418&quot;:true,&quot;134245529&quot;:true,&quot;335551550&quot;:0,&quot;335551620&quot;:0,&quot;335559738&quot;:0,&quot;335559739&quot;:120}\">\u00a0<\/span><\/h2>\n<p><span data-contrast=\"none\">La\u00a0<strong>Ley Jacinta<\/strong>\u00a0establece\u00a0<strong>sanciones dr\u00e1sticas<\/strong>\u00a0como principal medida de control.\u00a0<\/span><span data-ccp-props=\"{&quot;134233117&quot;:false,&quot;134233118&quot;:false,&quot;335551550&quot;:0,&quot;335551620&quot;:0,&quot;335559738&quot;:0,&quot;335559739&quot;:240}\">\u00a0<\/span><\/p>\n<p><span data-contrast=\"none\">Si un conductor\u00a0<strong>oculta una enfermedad<\/strong>\u00a0en su declaraci\u00f3n y posteriormente protagoniza un\u00a0<\/span><b><span data-contrast=\"none\">siniestro vial<\/span><\/b><span data-contrast=\"none\">, enfrentar\u00e1 una\u00a0<\/span><b><span data-contrast=\"none\">infracci\u00f3n grave de tr\u00e1nsito<\/span><\/b><span data-contrast=\"none\">.<\/span><span data-ccp-props=\"{&quot;134233117&quot;:false,&quot;134233118&quot;:false,&quot;335551550&quot;:0,&quot;335551620&quot;:0,&quot;335559738&quot;:0,&quot;335559739&quot;:240}\">\u00a0<\/span><\/p>\n<p><span data-contrast=\"none\">La consecuencia m\u00e1s dura, sin embargo, es la\u00a0<\/span><b><span data-contrast=\"none\">cancelaci\u00f3n inmediata de la licencia de conducir<\/span><\/b><span data-contrast=\"none\">.\u00a0<\/span><span data-ccp-props=\"{&quot;134233117&quot;:false,&quot;134233118&quot;:false,&quot;335551550&quot;:0,&quot;335551620&quot;:0,&quot;335559738&quot;:0,&quot;335559739&quot;:240}\">\u00a0<\/span><\/p>\n<h2 style=\"text-align: center;\" aria-level=\"2\"><b><span data-contrast=\"none\">Evaluaci\u00f3n ps\u00edquica<\/span><\/b><\/h2>\n<p><span data-contrast=\"none\">Por su parte, la ley ordena que todos los municipios apliquen una\u00a0<\/span><b><span data-contrast=\"none\">evaluaci\u00f3n ps\u00edquica y f\u00edsica estandarizada<\/span><\/b><span data-contrast=\"none\">.\u00a0<\/span><span data-ccp-props=\"{&quot;134233117&quot;:false,&quot;134233118&quot;:false,&quot;335551550&quot;:0,&quot;335551620&quot;:0,&quot;335559738&quot;:0,&quot;335559739&quot;:240}\">\u00a0<\/span><\/p>\n<p><span data-contrast=\"none\">Esto significa que se\u00a0<strong>elimina la libertad<\/strong>\u00a0que ten\u00edan las direcciones de tr\u00e1nsito locales para usar sus propios instructivos, reemplaz\u00e1ndolos por un\u00a0<strong>reglamento oficial \u00fanico.\u00a0<\/strong><\/span><strong>\u00a0<\/strong><\/p>\n<p><span data-contrast=\"none\">De esta forma, las exigencias de idoneidad ser\u00e1n las mismas en cualquier comuna del pa\u00eds, optimizando el\u00a0<\/span><b><span data-contrast=\"none\">otorgamiento de licencias<\/span><\/b><span data-contrast=\"none\">.<\/span><span data-ccp-props=\"{&quot;134233117&quot;:false,&quot;134233118&quot;:false,&quot;335551550&quot;:0,&quot;335551620&quot;:0,&quot;335559738&quot;:0,&quot;335559739&quot;:240}\">\u00a0<\/span><\/p>\n","protected":false},"excerpt":{"rendered":"<p>La\u00a0seguridad vial\u00a0junto con la licencia de conducir en Chile vive un cambio profundo tras la aprobaci\u00f3n de la\u00a0Ley Jacinta.\u00a0\u00a0 Esta normativa no solo busca reducir&hellip; <\/p>\n","protected":false},"author":7,"featured_media":97508,"comment_status":"closed","ping_status":"closed","sticky":false,"template":"","format":"standard","meta":{"footnotes":""},"categories":[37],"tags":[],"class_list":["post-97507","post","type-post","status-publish","format-standard","has-post-thumbnail","hentry","category-nacional"],"_links":{"self":[{"href":"https:\/\/www.radioamigavallenar.cl\/index.php?rest_route=\/wp\/v2\/posts\/97507","targetHints":{"allow":["GET"]}}],"collection":[{"href":"https:\/\/www.radioamigavallenar.cl\/index.php?rest_route=\/wp\/v2\/posts"}],"about":[{"href":"https:\/\/www.radioamigavallenar.cl\/index.php?rest_route=\/wp\/v2\/types\/post"}],"author":[{"embeddable":true,"href":"https:\/\/www.radioamigavallenar.cl\/index.php?rest_route=\/wp\/v2\/users\/7"}],"replies":[{"embeddable":true,"href":"https:\/\/www.radioamigavallenar.cl\/index.php?rest_route=%2Fwp%2Fv2%2Fcomments&post=97507"}],"version-history":[{"count":1,"href":"https:\/\/www.radioamigavallenar.cl\/index.php?rest_route=\/wp\/v2\/posts\/97507\/revisions"}],"predecessor-version":[{"id":97509,"href":"https:\/\/www.radioamigavallenar.cl\/index.php?rest_route=\/wp\/v2\/posts\/97507\/revisions\/97509"}],"wp:featuredmedia":[{"embeddable":true,"href":"https:\/\/www.radioamigavallenar.cl\/index.php?rest_route=\/wp\/v2\/media\/97508"}],"wp:attachment":[{"href":"https:\/\/www.radioamigavallenar.cl\/index.php?rest_route=%2Fwp%2Fv2%2Fmedia&parent=97507"}],"wp:term":[{"taxonomy":"category","embeddable":true,"href":"https:\/\/www.radioamigavallenar.cl\/index.php?rest_route=%2Fwp%2Fv2%2Fcategories&post=97507"},{"taxonomy":"post_tag","embeddable":true,"href":"https:\/\/www.radioamigavallenar.cl\/index.php?rest_route=%2Fwp%2Fv2%2Ftags&post=97507"}],"curies":[{"name":"wp","href":"https:\/\/api.w.org\/{rel}","templated":true}]}}