{"id":97504,"date":"2026-01-13T00:00:34","date_gmt":"2026-01-13T03:00:34","guid":{"rendered":"https:\/\/www.radioamigavallenar.cl\/?p=97504"},"modified":"2026-01-13T12:16:23","modified_gmt":"2026-01-13T15:16:23","slug":"reportaje-documental-la-fiebre-del-litio-sombras-de-la-transicion-energetica-se-exhibira-gratuitamente-para-todo-publico-en-la-sala-de-camara-de-copiapo","status":"publish","type":"post","link":"https:\/\/www.radioamigavallenar.cl\/?p=97504","title":{"rendered":"Reportaje documental \u201cLa Fiebre del Litio: Sombras de la Transici\u00f3n Energ\u00e9tica\u00bb se exhibir\u00e1 gratuitamente para todo p\u00fablico en la Sala de C\u00e1mara de Copiap\u00f3"},"content":{"rendered":"<p>Ser\u00e1 \u00fanica funci\u00f3n el jueves 22 de enero a las 18:30 horas y tendr\u00e1n la posibilidad de conocer e interactuar con los autores del reportaje<\/p>\n<p>Con la finalidad de acercar el conocimiento cient\u00edfico a la comunidad, la Ilustre Municipalidad de Copiap\u00f3 prestar\u00e1 la Sala de C\u00e1mara para la exhibici\u00f3n del reportaje \u201cLa Fiebre del Litio: Sombras de la Transici\u00f3n Energ\u00e9tica\u201d, el cual ser\u00e1 de manera gratuita para todo p\u00fablico el jueves 22 de enero a las 18:30 horas.<\/p>\n<p>Esta iniciativa gestionada por el Observatorio Latinoamericano de Conflictos Ambientales (OLCA), con la colaboraci\u00f3n del medio digital Resumen.cl y el apoyo de Global Greengrants Fund (GGF).<\/p>\n<p>El documental, grabado el 2024 y que cont\u00f3 con la participaci\u00f3n de representantes de comunidades ind\u00edgenas colla, busca generar una reflexi\u00f3n profunda sobre si la transici\u00f3n energ\u00e9tica representa una soluci\u00f3n real a la crisis clim\u00e1tica o se trata de una nueva forma de explotaci\u00f3n. Sit\u00faa su relato en los espacios del Salar de Maricunga, ubicado en el Parque Nacional Nevado Tres Cruces, territorio ancestral de pueblos originarios.<\/p>\n<p>Sobre esta actividad, el alcalde de Copiap\u00f3, Maglio Cicardini Neyra, se\u00f1al\u00f3 que \u201chemos habilitado este espacio para lograr una comunicaci\u00f3n directa entre el p\u00fablico y los autores de este importante reportaje que refleja est\u00e1 duplicidad del pro y contra de la extracci\u00f3n del \u201coro blanco en nuestra regi\u00f3n. Hablamos de un reportaje que visualiza el costo ambiental y social desde una mirada m\u00e1s vinculada a nuestros ancestros y la naturaleza\u201d.<\/p>\n<p>Por su parte, Nicol\u00e1s Salazar, director del documental y representante del OLCA, indic\u00f3 que \u201ccon este reportaje hablamos de los impactos derivados la explotaci\u00f3n del litio en Chile y su expansi\u00f3n. Luego de la presentaci\u00f3n, habr\u00e1 un conversatorio para discutir y conversar, en donde podr\u00e1 el p\u00fablico hablar conmigo o con parte del Observatorio Latinoamericano de Conflictos Ambientales. El llamado a la poblaci\u00f3n de Copiap\u00f3 es venir a la Sala de C\u00e1mara este jueves 22 de enero y ser parte del relato y conocer la intensa fiebre extractiva en el llamado Tri\u00e1ngulo del Litio\u201d.<\/p>\n<p>Este reportaje, de una duraci\u00f3n de 20 minutos, busca interiorizar y dar a conocer al p\u00fablico el continuo avance de la miner\u00eda en la parte cordillerana de Atacama y los cambios ambientales que han provocado a lo largo de las d\u00e9cadas.<\/p>\n","protected":false},"excerpt":{"rendered":"<p>Ser\u00e1 \u00fanica funci\u00f3n el jueves 22 de enero a las 18:30 horas y tendr\u00e1n la posibilidad de conocer e interactuar con los autores del reportaje&hellip; <\/p>\n","protected":false},"author":7,"featured_media":97505,"comment_status":"closed","ping_status":"closed","sticky":false,"template":"","format":"standard","meta":{"footnotes":""},"categories":[7],"tags":[],"class_list":["post-97504","post","type-post","status-publish","format-standard","has-post-thumbnail","hentry","category-atacama"],"_links":{"self":[{"href":"https:\/\/www.radioamigavallenar.cl\/index.php?rest_route=\/wp\/v2\/posts\/97504","targetHints":{"allow":["GET"]}}],"collection":[{"href":"https:\/\/www.radioamigavallenar.cl\/index.php?rest_route=\/wp\/v2\/posts"}],"about":[{"href":"https:\/\/www.radioamigavallenar.cl\/index.php?rest_route=\/wp\/v2\/types\/post"}],"author":[{"embeddable":true,"href":"https:\/\/www.radioamigavallenar.cl\/index.php?rest_route=\/wp\/v2\/users\/7"}],"replies":[{"embeddable":true,"href":"https:\/\/www.radioamigavallenar.cl\/index.php?rest_route=%2Fwp%2Fv2%2Fcomments&post=97504"}],"version-history":[{"count":1,"href":"https:\/\/www.radioamigavallenar.cl\/index.php?rest_route=\/wp\/v2\/posts\/97504\/revisions"}],"predecessor-version":[{"id":97506,"href":"https:\/\/www.radioamigavallenar.cl\/index.php?rest_route=\/wp\/v2\/posts\/97504\/revisions\/97506"}],"wp:featuredmedia":[{"embeddable":true,"href":"https:\/\/www.radioamigavallenar.cl\/index.php?rest_route=\/wp\/v2\/media\/97505"}],"wp:attachment":[{"href":"https:\/\/www.radioamigavallenar.cl\/index.php?rest_route=%2Fwp%2Fv2%2Fmedia&parent=97504"}],"wp:term":[{"taxonomy":"category","embeddable":true,"href":"https:\/\/www.radioamigavallenar.cl\/index.php?rest_route=%2Fwp%2Fv2%2Fcategories&post=97504"},{"taxonomy":"post_tag","embeddable":true,"href":"https:\/\/www.radioamigavallenar.cl\/index.php?rest_route=%2Fwp%2Fv2%2Ftags&post=97504"}],"curies":[{"name":"wp","href":"https:\/\/api.w.org\/{rel}","templated":true}]}}