{"id":97501,"date":"2026-01-13T12:13:28","date_gmt":"2026-01-13T15:13:28","guid":{"rendered":"https:\/\/www.radioamigavallenar.cl\/?p=97501"},"modified":"2026-01-13T12:13:28","modified_gmt":"2026-01-13T15:13:28","slug":"detienen-a-dos-adolescentes-tras-robo-a-domicilio-en-el-salvador","status":"publish","type":"post","link":"https:\/\/www.radioamigavallenar.cl\/?p=97501","title":{"rendered":"Detienen a dos adolescentes tras robo a domicilio en El Salvador"},"content":{"rendered":"<p>Un procedimiento realizado por el personal de la 4\u00aa Comisar\u00eda El Salvador permiti\u00f3 la detenci\u00f3n de dos adolescentes de 16 a\u00f1os, quienes estar\u00edan vinculados al ingreso a una vivienda y la sustracci\u00f3n de diversos art\u00edculos de valor en la localidad.<\/p>\n<p>Tras recibir la denuncia por parte de la v\u00edctima, Carabineros inici\u00f3 un despliegue en terreno con patrullajes por distintos sectores de El Salvador.<\/p>\n<p>Durante las diligencias, los efectivos divisaron a los dos individuos, quienes portaban especies que coincid\u00edan con las denunciadas minutos antes.<\/p>\n<div class=\"code-block code-block-4\">\n<div id=\"Inread\"><\/div>\n<\/div>\n<p>Debido a que manten\u00edan los objetos en su poder, ambos menores fueron detenidos por el delito de receptaci\u00f3n.<\/p>\n<p>El personal policial inform\u00f3 sus derechos en calidad de adolescentes y tom\u00f3 contacto con sus padres para notificarles la situaci\u00f3n. Posteriormente, fueron trasladados a un centro asistencial para la constataci\u00f3n de lesiones.<\/p>\n<p>Gracias a este procedimiento, Carabineros logr\u00f3 recuperar la totalidad de los objetos sustra\u00eddos desde el domicilio de la v\u00edctima, los cuales corresponden a:<\/p>\n<ul class=\"wp-block-list\">\n<li>Un televisor de 55 pulgadas.<\/li>\n<li>Una consola de videojuegos XBOX 360 con dos controles.<\/li>\n<li>Una tablet Lenovo TB-8505X.<\/li>\n<li>Joyas (dos anillos, una cadena y dos colgantes de color met\u00e1lico).<\/li>\n<li>Un bolso negro sin marca.<\/li>\n<\/ul>\n<p>Ambos detenidos fueron puestos a disposici\u00f3n de la justicia, pasando a control de detenci\u00f3n ante el Juzgado de Garant\u00eda de Diego de Almagro.<\/p>\n","protected":false},"excerpt":{"rendered":"<p>Un procedimiento realizado por el personal de la 4\u00aa Comisar\u00eda El Salvador permiti\u00f3 la detenci\u00f3n de dos adolescentes de 16 a\u00f1os, quienes estar\u00edan vinculados al&hellip; <\/p>\n","protected":false},"author":7,"featured_media":97502,"comment_status":"closed","ping_status":"closed","sticky":false,"template":"","format":"standard","meta":{"footnotes":""},"categories":[38],"tags":[],"class_list":["post-97501","post","type-post","status-publish","format-standard","has-post-thumbnail","hentry","category-portada-regional"],"_links":{"self":[{"href":"https:\/\/www.radioamigavallenar.cl\/index.php?rest_route=\/wp\/v2\/posts\/97501","targetHints":{"allow":["GET"]}}],"collection":[{"href":"https:\/\/www.radioamigavallenar.cl\/index.php?rest_route=\/wp\/v2\/posts"}],"about":[{"href":"https:\/\/www.radioamigavallenar.cl\/index.php?rest_route=\/wp\/v2\/types\/post"}],"author":[{"embeddable":true,"href":"https:\/\/www.radioamigavallenar.cl\/index.php?rest_route=\/wp\/v2\/users\/7"}],"replies":[{"embeddable":true,"href":"https:\/\/www.radioamigavallenar.cl\/index.php?rest_route=%2Fwp%2Fv2%2Fcomments&post=97501"}],"version-history":[{"count":1,"href":"https:\/\/www.radioamigavallenar.cl\/index.php?rest_route=\/wp\/v2\/posts\/97501\/revisions"}],"predecessor-version":[{"id":97503,"href":"https:\/\/www.radioamigavallenar.cl\/index.php?rest_route=\/wp\/v2\/posts\/97501\/revisions\/97503"}],"wp:featuredmedia":[{"embeddable":true,"href":"https:\/\/www.radioamigavallenar.cl\/index.php?rest_route=\/wp\/v2\/media\/97502"}],"wp:attachment":[{"href":"https:\/\/www.radioamigavallenar.cl\/index.php?rest_route=%2Fwp%2Fv2%2Fmedia&parent=97501"}],"wp:term":[{"taxonomy":"category","embeddable":true,"href":"https:\/\/www.radioamigavallenar.cl\/index.php?rest_route=%2Fwp%2Fv2%2Fcategories&post=97501"},{"taxonomy":"post_tag","embeddable":true,"href":"https:\/\/www.radioamigavallenar.cl\/index.php?rest_route=%2Fwp%2Fv2%2Ftags&post=97501"}],"curies":[{"name":"wp","href":"https:\/\/api.w.org\/{rel}","templated":true}]}}