{"id":97497,"date":"2026-01-13T11:11:08","date_gmt":"2026-01-13T14:11:08","guid":{"rendered":"https:\/\/www.radioamigavallenar.cl\/?p=97497"},"modified":"2026-01-13T11:11:08","modified_gmt":"2026-01-13T14:11:08","slug":"grave-accidente-en-la-fundicion-potrerillos-mantiene-a-trabajador-en-estado-reservado","status":"publish","type":"post","link":"https:\/\/www.radioamigavallenar.cl\/?p=97497","title":{"rendered":"Grave accidente en la Fundici\u00f3n Potrerillos mantiene a trabajador en estado reservado"},"content":{"rendered":"<p>Un grave accidente laboral se registr\u00f3 la ma\u00f1ana del lunes 12 de enero en la Fundici\u00f3n Potrerillos, perteneciente a la Divisi\u00f3n Salvador de Codelco, en la Regi\u00f3n de Atacama. El hecho ocurri\u00f3 alrededor de las 10:45 horas en el sector Silo 4, afectando al trabajador, identificado con las iniciales\u00a0<strong>M. M. F.<\/strong>, el cual se desempe\u00f1a como operador mantenedor de la planta de recepci\u00f3n de mezcla.<\/p>\n<p>De acuerdo con informaci\u00f3n entregada por Codelco, el trabajador recibi\u00f3 atenci\u00f3n m\u00e9dica inicial en el policl\u00ednico de Potrerillos y posteriormente fue trasladado a la Cl\u00ednica San Lorenzo de El Salvador. Tras ser estabilizado, fue derivado a una Unidad de Cuidados Intensivos en Copiap\u00f3 y finalmente al Hospital del Trabajador en Santiago, donde permanece con diagn\u00f3stico reservado. La familia fue informada oportunamente y se mantiene en contacto permanente con la empresa.<\/p>\n<p>Como medida inmediata, se detuvieron todas las labores en la fundici\u00f3n y refiner\u00eda, mientras se investigan las circunstancias del accidente. El hecho fue notificado a las autoridades competentes.<\/p>\n<div class=\"code-block code-block-4\">\n<div id=\"Inread\"><\/div>\n<\/div>\n<p>Por su parte, la\u00a0<strong>Federaci\u00f3n de Trabajadores del Cobre (FTC)<\/strong>\u00a0emiti\u00f3 un comunicado en el que lamenta profundamente el estado de salud del trabajador y exige a la administraci\u00f3n de Codelco esclarecer las causas del accidente. La organizaci\u00f3n sindical tambi\u00e9n hizo un llamado urgente a mejorar la infraestructura cl\u00ednica y m\u00e9dica disponible en la Divisi\u00f3n Salvador, se\u00f1alando que este hecho evidencia la precariedad de los servicios de atenci\u00f3n primaria en la zona.<\/p>\n<p>Se indic\u00f3 adem\u00e1s que el Consejo Directivo Nacional de la FTC asegur\u00f3 que continuar\u00e1 informando sobre la evoluci\u00f3n m\u00e9dica del trabajador y los avances en la investigaci\u00f3n de este \u201cmuy lamentable y grav\u00edsimo accidente laboral\u201d.<\/p>\n<p>En tanto, desde Codelco Divisi\u00f3n Salvador se\u00f1alaron que dentro de las pr\u00f3ximas horas entregar\u00e1n una actualizaci\u00f3n de informaci\u00f3n respecto del estado de salud del trabajador afectado.<\/p>\n","protected":false},"excerpt":{"rendered":"<p>Un grave accidente laboral se registr\u00f3 la ma\u00f1ana del lunes 12 de enero en la Fundici\u00f3n Potrerillos, perteneciente a la Divisi\u00f3n Salvador de Codelco, en&hellip; <\/p>\n","protected":false},"author":7,"featured_media":97498,"comment_status":"closed","ping_status":"closed","sticky":false,"template":"","format":"standard","meta":{"footnotes":""},"categories":[38],"tags":[],"class_list":["post-97497","post","type-post","status-publish","format-standard","has-post-thumbnail","hentry","category-portada-regional"],"_links":{"self":[{"href":"https:\/\/www.radioamigavallenar.cl\/index.php?rest_route=\/wp\/v2\/posts\/97497","targetHints":{"allow":["GET"]}}],"collection":[{"href":"https:\/\/www.radioamigavallenar.cl\/index.php?rest_route=\/wp\/v2\/posts"}],"about":[{"href":"https:\/\/www.radioamigavallenar.cl\/index.php?rest_route=\/wp\/v2\/types\/post"}],"author":[{"embeddable":true,"href":"https:\/\/www.radioamigavallenar.cl\/index.php?rest_route=\/wp\/v2\/users\/7"}],"replies":[{"embeddable":true,"href":"https:\/\/www.radioamigavallenar.cl\/index.php?rest_route=%2Fwp%2Fv2%2Fcomments&post=97497"}],"version-history":[{"count":1,"href":"https:\/\/www.radioamigavallenar.cl\/index.php?rest_route=\/wp\/v2\/posts\/97497\/revisions"}],"predecessor-version":[{"id":97499,"href":"https:\/\/www.radioamigavallenar.cl\/index.php?rest_route=\/wp\/v2\/posts\/97497\/revisions\/97499"}],"wp:featuredmedia":[{"embeddable":true,"href":"https:\/\/www.radioamigavallenar.cl\/index.php?rest_route=\/wp\/v2\/media\/97498"}],"wp:attachment":[{"href":"https:\/\/www.radioamigavallenar.cl\/index.php?rest_route=%2Fwp%2Fv2%2Fmedia&parent=97497"}],"wp:term":[{"taxonomy":"category","embeddable":true,"href":"https:\/\/www.radioamigavallenar.cl\/index.php?rest_route=%2Fwp%2Fv2%2Fcategories&post=97497"},{"taxonomy":"post_tag","embeddable":true,"href":"https:\/\/www.radioamigavallenar.cl\/index.php?rest_route=%2Fwp%2Fv2%2Ftags&post=97497"}],"curies":[{"name":"wp","href":"https:\/\/api.w.org\/{rel}","templated":true}]}}