{"id":97494,"date":"2026-01-13T11:08:27","date_gmt":"2026-01-13T14:08:27","guid":{"rendered":"https:\/\/www.radioamigavallenar.cl\/?p=97494"},"modified":"2026-01-13T11:41:15","modified_gmt":"2026-01-13T14:41:15","slug":"este-2026-vuelve-el-pase-cultural-beneficiando-con-50-mil-pesos-a-jovenes-que-cumplan-18-y-19-anos","status":"publish","type":"post","link":"https:\/\/www.radioamigavallenar.cl\/?p=97494","title":{"rendered":"Este 2026 vuelve el Pase Cultural beneficiando con 50 mil pesos a j\u00f3venes que cumplan 18 y 19 a\u00f1os"},"content":{"rendered":"<p align=\"justify\"><strong>La iniciativa del Ministerio de las Culturas beneficiar\u00e1 a personas nacidas en 2007 y 2008 que pertenezcan al 60% del Registro Social de Hogares, fortaleciendo el acceso a la cultura y el ejercicio de los derechos culturales.<\/strong><\/p>\n<div class=\"code-block code-block-5\">\n<div id=\"sas_99435\"><\/div>\n<\/div>\n<p align=\"justify\">El Ministerio de las Culturas, las Artes y el Patrimonio anunci\u00f3 la implementaci\u00f3n del Pase Cultural 2026, un beneficio que entregar\u00e1 un aporte \u00fanico de 50 mil pesos a j\u00f3venes nacidos en los a\u00f1os 2007 y 2008 que pertenezcan al 60% m\u00e1s vulnerable del Registro Social de Hogares, con el objetivo de promover el acceso equitativo a bienes y servicios culturales en todo el pa\u00eds.<\/p>\n<p align=\"justify\">El Pase Cultural permite adquirir entradas para cine, teatro, danza, circo, conciertos y otras actividades culturales, adem\u00e1s de libros, revistas, c\u00f3mics, discos, artesan\u00edas y diversos productos vinculados al sector cultural. El beneficio se entrega a trav\u00e9s de un bolsillo electr\u00f3nico asociado a la CuentaRUT de BancoEstado, y puede utilizarse tanto de manera presencial como online en establecimientos habilitados dentro del territorio nacional.<\/p>\n<p align=\"justify\">Las personas beneficiarias deber\u00e1n activar su Pase Cultural en el sitio web\u00a0<a href=\"http:\/\/www.pasecultural.cl\/\" target=\"_new\">www.pasecultural.cl<\/a>, utilizando su Clave \u00danica. Una vez activado, en el plazo m\u00e1ximo de un mes, el monto estar\u00e1 disponible por un plazo de hasta 12 meses, permitiendo a las y los j\u00f3venes decidir libremente c\u00f3mo y en qu\u00e9 expresiones culturales utilizar el beneficio.<\/p>\n<p align=\"justify\">Al respecto, la Seremi (s) de las Culturas, las Artes y el Patrimonio de Atacama, Paulina Palavecino L\u00f3pez, se\u00f1al\u00f3 que \u201cel Pase Cultural es una invitaci\u00f3n directa a vivir la cultura. Es una herramienta concreta que garantiza el derecho a participar de la vida cultural y que, este 2026, beneficia por \u00fanica vez a las y los j\u00f3venes que cumplen 18 o 19 a\u00f1os, acerc\u00e1ndolos a espect\u00e1culos, libros y diversas expresiones art\u00edsticas\u201d.<\/p>\n<p align=\"justify\">La autoridad regional agreg\u00f3 que \u201ceste beneficio no solo ampl\u00eda el acceso a bienes y experiencias culturales, sino que tambi\u00e9n fortalece el v\u00ednculo de las juventudes con la creaci\u00f3n art\u00edstica local, regional y nacional, dinamizando al mismo tiempo el trabajo de artistas, espacios culturales y emprendimientos creativos de Atacama. Invitamos a quienes cumplan con los requisitos a informarse y activar su Pase Cultural para ser parte activa de la vida cultural del pa\u00eds\u201d.<\/p>\n<p align=\"justify\">El Pase Cultural 2026 corresponde a la segunda versi\u00f3n de esta pol\u00edtica p\u00fablica, incorporando aprendizajes de su implementaci\u00f3n anterior y ampliando el tramo de cobertura socioecon\u00f3mica, reafirmando el compromiso del Estado con el fortalecimiento de los derechos culturales y la participaci\u00f3n de las nuevas generaciones en la vida cultural del pa\u00eds. El beneficio es para todos los j\u00f3venes que cumplan 18 o 19 a\u00f1os este 2026, exceptuando a quienes ya adjudicaron el beneficio el a\u00f1o 2025.<\/p>\n","protected":false},"excerpt":{"rendered":"<p>La iniciativa del Ministerio de las Culturas beneficiar\u00e1 a personas nacidas en 2007 y 2008 que pertenezcan al 60% del Registro Social de Hogares, fortaleciendo&hellip; <\/p>\n","protected":false},"author":7,"featured_media":97500,"comment_status":"closed","ping_status":"closed","sticky":false,"template":"","format":"standard","meta":{"footnotes":""},"categories":[38],"tags":[],"class_list":["post-97494","post","type-post","status-publish","format-standard","has-post-thumbnail","hentry","category-portada-regional"],"_links":{"self":[{"href":"https:\/\/www.radioamigavallenar.cl\/index.php?rest_route=\/wp\/v2\/posts\/97494","targetHints":{"allow":["GET"]}}],"collection":[{"href":"https:\/\/www.radioamigavallenar.cl\/index.php?rest_route=\/wp\/v2\/posts"}],"about":[{"href":"https:\/\/www.radioamigavallenar.cl\/index.php?rest_route=\/wp\/v2\/types\/post"}],"author":[{"embeddable":true,"href":"https:\/\/www.radioamigavallenar.cl\/index.php?rest_route=\/wp\/v2\/users\/7"}],"replies":[{"embeddable":true,"href":"https:\/\/www.radioamigavallenar.cl\/index.php?rest_route=%2Fwp%2Fv2%2Fcomments&post=97494"}],"version-history":[{"count":1,"href":"https:\/\/www.radioamigavallenar.cl\/index.php?rest_route=\/wp\/v2\/posts\/97494\/revisions"}],"predecessor-version":[{"id":97496,"href":"https:\/\/www.radioamigavallenar.cl\/index.php?rest_route=\/wp\/v2\/posts\/97494\/revisions\/97496"}],"wp:featuredmedia":[{"embeddable":true,"href":"https:\/\/www.radioamigavallenar.cl\/index.php?rest_route=\/wp\/v2\/media\/97500"}],"wp:attachment":[{"href":"https:\/\/www.radioamigavallenar.cl\/index.php?rest_route=%2Fwp%2Fv2%2Fmedia&parent=97494"}],"wp:term":[{"taxonomy":"category","embeddable":true,"href":"https:\/\/www.radioamigavallenar.cl\/index.php?rest_route=%2Fwp%2Fv2%2Fcategories&post=97494"},{"taxonomy":"post_tag","embeddable":true,"href":"https:\/\/www.radioamigavallenar.cl\/index.php?rest_route=%2Fwp%2Fv2%2Ftags&post=97494"}],"curies":[{"name":"wp","href":"https:\/\/api.w.org\/{rel}","templated":true}]}}