{"id":97491,"date":"2026-01-13T10:32:24","date_gmt":"2026-01-13T13:32:24","guid":{"rendered":"https:\/\/www.radioamigavallenar.cl\/?p=97491"},"modified":"2026-01-13T10:32:24","modified_gmt":"2026-01-13T13:32:24","slug":"tierras-raras-la-minera-aclara-confia-que-con-kast-los-permisos-y-proyectos-andaran-mas-rapido","status":"publish","type":"post","link":"https:\/\/www.radioamigavallenar.cl\/?p=97491","title":{"rendered":"Tierras raras: La minera Aclara conf\u00eda que con Kast los permisos y proyectos andar\u00e1n m\u00e1s r\u00e1pido"},"content":{"rendered":"<p>Desde la minera Aclara -que encabeza un proyecto para extraer\u00a0<strong>tierras raras<\/strong>\u00a0en un yacimiento ubicado en Penco, regi\u00f3n del B\u00edo B\u00edo- manifestaron estar confiados que con la llegada de\u00a0<strong>Jos\u00e9 Antonio Kast<\/strong>\u00a0a La Moneda se tramiten de manera m\u00e1s \u00e1gil los permisos respectivos.<\/p>\n<p>En medio de lo que ha sido la cuestionada \u201cpermisolog\u00eda\u201d, la empresa planea iniciar a fines de 2026 las obras. Eso, si consiguen que los permisos por parte del\u00a0<a href=\"https:\/\/www.sea.gob.cl\/\" target=\"_blank\" rel=\"noopener\">Servicio de Evaluaci\u00f3n Ambiental<\/a>\u00a0(SEA) se tramiten de acuerdo a la calendarizaci\u00f3n.<\/p>\n<p>De acuerdo a\u00a0<a href=\"https:\/\/www.bloomberg.com\/\" target=\"_blank\" rel=\"noopener\">Bloomberg<\/a>\u00a0y\u00a0<a href=\"https:\/\/www.mining.com\/\" target=\"_blank\" rel=\"noopener\">Mining.com<\/a>, y ante el cambio de Gobierno que se avecina en marzo-\u00a0<a href=\"https:\/\/somosaclara.cl\/\" target=\"_blank\" rel=\"noopener\">Aclara<\/a>\u00a0ve \u201cespacio para acelerar\u201d la iniciativa, cuyos costos ascender\u00edan a\u00a0<strong>US$175 millones.<\/strong><\/p>\n<p>El director ejecutivo de la compa\u00f1\u00eda, Ram\u00f3n Barua, manifest\u00f3 confiar en que \u201cpodr\u00edamos recibir mucho apoyo del pr\u00f3ximo gobierno para agilizar lo que estamos haciendo\u201d.<\/p>\n<p>Al culminar 2025, el gerente general de Aclara, Nelson Donoso, desliz\u00f3 que solo los permisos ambientales estar\u00edan, de momento, entrampando el inicio de los trabajos y que, en paralelo, est\u00e1n avanzando en la ingenier\u00eda y el cierre de acuerdos comerciales.<\/p>\n<p>Para la comuna de Penco se proyecta que con la extracci\u00f3n de las tierras raras se genere -por un periodo de 9 a\u00f1os-\u00a0<strong>2.200 empleos directos e indirectos.<\/strong><\/p>\n<h2 style=\"text-align: center;\">Las tierras raras<\/h2>\n<p>Las denominadas \u201ctierras raras\u201d son minerales de intensivo uso en diversos equipos electr\u00f3nicos y en tecnolog\u00edas de punta, como la electromovilidad y la generaci\u00f3n de energ\u00edas renovables.<\/p>\n<p>Tienen 15 elementos pertenecientes al grupo de los lant\u00e1nidos (lantano, neodimio, cerio, praseodimio, prometio, samario, europio, gadolinio, terbio, disprosio, holmio, erbio, tulio, iterbio y lutecio) m\u00e1s el itrio y escandio.<\/p>\n<p>Estos minerales tienen m\u00faltiples aplicaciones \u201cen las que destaca su utilizaci\u00f3n en el\u00a0<span class=\"destacador destacado\">desarrollo de tecnolog\u00edas modernas como la \u00f3ptica, iluminaci\u00f3n, pantallas LED, imanes permanentes y bater\u00edas port\u00e1tiles\u201d.<\/span><\/p>\n<p>Tambi\u00e9n se usan como catalizador en los procesos de refinamiento de petr\u00f3leo, en la fabricaci\u00f3n de cer\u00e1micas y en la industria militar.<\/p>\n","protected":false},"excerpt":{"rendered":"<p>Desde la minera Aclara -que encabeza un proyecto para extraer\u00a0tierras raras\u00a0en un yacimiento ubicado en Penco, regi\u00f3n del B\u00edo B\u00edo- manifestaron estar confiados que con&hellip; <\/p>\n","protected":false},"author":7,"featured_media":97492,"comment_status":"closed","ping_status":"closed","sticky":false,"template":"","format":"standard","meta":{"footnotes":""},"categories":[37],"tags":[],"class_list":["post-97491","post","type-post","status-publish","format-standard","has-post-thumbnail","hentry","category-nacional"],"_links":{"self":[{"href":"https:\/\/www.radioamigavallenar.cl\/index.php?rest_route=\/wp\/v2\/posts\/97491","targetHints":{"allow":["GET"]}}],"collection":[{"href":"https:\/\/www.radioamigavallenar.cl\/index.php?rest_route=\/wp\/v2\/posts"}],"about":[{"href":"https:\/\/www.radioamigavallenar.cl\/index.php?rest_route=\/wp\/v2\/types\/post"}],"author":[{"embeddable":true,"href":"https:\/\/www.radioamigavallenar.cl\/index.php?rest_route=\/wp\/v2\/users\/7"}],"replies":[{"embeddable":true,"href":"https:\/\/www.radioamigavallenar.cl\/index.php?rest_route=%2Fwp%2Fv2%2Fcomments&post=97491"}],"version-history":[{"count":1,"href":"https:\/\/www.radioamigavallenar.cl\/index.php?rest_route=\/wp\/v2\/posts\/97491\/revisions"}],"predecessor-version":[{"id":97493,"href":"https:\/\/www.radioamigavallenar.cl\/index.php?rest_route=\/wp\/v2\/posts\/97491\/revisions\/97493"}],"wp:featuredmedia":[{"embeddable":true,"href":"https:\/\/www.radioamigavallenar.cl\/index.php?rest_route=\/wp\/v2\/media\/97492"}],"wp:attachment":[{"href":"https:\/\/www.radioamigavallenar.cl\/index.php?rest_route=%2Fwp%2Fv2%2Fmedia&parent=97491"}],"wp:term":[{"taxonomy":"category","embeddable":true,"href":"https:\/\/www.radioamigavallenar.cl\/index.php?rest_route=%2Fwp%2Fv2%2Fcategories&post=97491"},{"taxonomy":"post_tag","embeddable":true,"href":"https:\/\/www.radioamigavallenar.cl\/index.php?rest_route=%2Fwp%2Fv2%2Ftags&post=97491"}],"curies":[{"name":"wp","href":"https:\/\/api.w.org\/{rel}","templated":true}]}}