{"id":97487,"date":"2026-01-13T08:48:22","date_gmt":"2026-01-13T11:48:22","guid":{"rendered":"https:\/\/www.radioamigavallenar.cl\/?p=97487"},"modified":"2026-01-13T08:49:01","modified_gmt":"2026-01-13T11:49:01","slug":"nuevo-cementerio-de-vallenar-alcanza-98-de-avance-y-se-proyecta-entrega-para-mayo","status":"publish","type":"post","link":"https:\/\/www.radioamigavallenar.cl\/?p=97487","title":{"rendered":"Nuevo cementerio de Vallenar alcanza 98% de avance y se proyecta entrega para mayo"},"content":{"rendered":"<p>Un\u00a098% de avance en la obra civil\u00a0registra actualmente el proyecto del\u00a0nuevo cementerio de Vallenar, una de las infraestructuras m\u00e1s esperadas por la comunidad y cuya inversi\u00f3n supera los\u00a0$10.290 millones, seg\u00fan inform\u00f3 la Municipalidad de Vallenar.<\/p>\n<p>De acuerdo con los antecedentes entregados por el municipio, los principales trabajos estructurales del recinto se encuentran pr\u00e1cticamente concluidos. No obstante, persisten\u00a0dificultades en la conexi\u00f3n de la energ\u00eda el\u00e9ctrica, las que a\u00fan deben ser resueltas para avanzar hacia la etapa final del proyecto.<\/p>\n<p>En contraste, desde la casa consistorial se indic\u00f3 que los problemas relacionados con el\u00a0sistema de agua potable y alcantarillado ya fueron solucionados, encontr\u00e1ndose actualmente conectados y operativos, lo que representa un avance relevante para la futura puesta en marcha del recinto.<\/p>\n<p>Otro aspecto clave es la\u00a0construcci\u00f3n de la calle de acceso que conectar\u00e1 el nuevo Campo Santo, la cual presenta un\u00a0avance cercano al 70%, siendo una obra fundamental para garantizar la conectividad y el adecuado funcionamiento del cementerio.<\/p>\n<p>En paralelo, el proceso de\u00a0adquisici\u00f3n del equipamiento\u00a0necesario para la operaci\u00f3n del recinto se encuentra en plena etapa de tramitaci\u00f3n administrativa, mientras que la\u00a0resoluci\u00f3n sanitaria, requisito indispensable para la autorizaci\u00f3n de funcionamiento, tambi\u00e9n est\u00e1 en proceso ante los organismos competentes.<\/p>\n<p>Pese a estos pendientes, el alcalde de Vallenar se\u00f1al\u00f3 que, de mantenerse los plazos proyectados, el\u00a0nuevo cementerio podr\u00eda comenzar a funcionar durante el mes de mayo del presente a\u00f1o, dando respuesta a una necesidad largamente planteada por la comunidad.<\/p>\n<p>Con una inversi\u00f3n superior a los diez mil millones de pesos, esta obra se perfila como uno de los proyectos de infraestructura urbana m\u00e1s relevantes de los \u00faltimos a\u00f1os en la comuna, tanto por su magnitud como por el impacto social que tendr\u00e1 para las familias de Vallenar.<\/p>\n<p>Fuerte: <a href=\"https:\/\/elnoticierodelhuasco.cl\/2026\/01\/nuevo-cementerio-de-vallenar-alcanza-98-de-avance-y-se-proyecta-entrega-para-mayo\/\" target=\"_blank\" rel=\"noopener\">El Noticiero Del Huasco<\/a><\/p>\n","protected":false},"excerpt":{"rendered":"<p>Un\u00a098% de avance en la obra civil\u00a0registra actualmente el proyecto del\u00a0nuevo cementerio de Vallenar, una de las infraestructuras m\u00e1s esperadas por la comunidad y cuya&hellip; <\/p>\n","protected":false},"author":7,"featured_media":97488,"comment_status":"closed","ping_status":"closed","sticky":false,"template":"","format":"standard","meta":{"footnotes":""},"categories":[7],"tags":[],"class_list":["post-97487","post","type-post","status-publish","format-standard","has-post-thumbnail","hentry","category-atacama"],"_links":{"self":[{"href":"https:\/\/www.radioamigavallenar.cl\/index.php?rest_route=\/wp\/v2\/posts\/97487","targetHints":{"allow":["GET"]}}],"collection":[{"href":"https:\/\/www.radioamigavallenar.cl\/index.php?rest_route=\/wp\/v2\/posts"}],"about":[{"href":"https:\/\/www.radioamigavallenar.cl\/index.php?rest_route=\/wp\/v2\/types\/post"}],"author":[{"embeddable":true,"href":"https:\/\/www.radioamigavallenar.cl\/index.php?rest_route=\/wp\/v2\/users\/7"}],"replies":[{"embeddable":true,"href":"https:\/\/www.radioamigavallenar.cl\/index.php?rest_route=%2Fwp%2Fv2%2Fcomments&post=97487"}],"version-history":[{"count":2,"href":"https:\/\/www.radioamigavallenar.cl\/index.php?rest_route=\/wp\/v2\/posts\/97487\/revisions"}],"predecessor-version":[{"id":97490,"href":"https:\/\/www.radioamigavallenar.cl\/index.php?rest_route=\/wp\/v2\/posts\/97487\/revisions\/97490"}],"wp:featuredmedia":[{"embeddable":true,"href":"https:\/\/www.radioamigavallenar.cl\/index.php?rest_route=\/wp\/v2\/media\/97488"}],"wp:attachment":[{"href":"https:\/\/www.radioamigavallenar.cl\/index.php?rest_route=%2Fwp%2Fv2%2Fmedia&parent=97487"}],"wp:term":[{"taxonomy":"category","embeddable":true,"href":"https:\/\/www.radioamigavallenar.cl\/index.php?rest_route=%2Fwp%2Fv2%2Fcategories&post=97487"},{"taxonomy":"post_tag","embeddable":true,"href":"https:\/\/www.radioamigavallenar.cl\/index.php?rest_route=%2Fwp%2Fv2%2Ftags&post=97487"}],"curies":[{"name":"wp","href":"https:\/\/api.w.org\/{rel}","templated":true}]}}