{"id":97484,"date":"2026-01-13T08:45:06","date_gmt":"2026-01-13T11:45:06","guid":{"rendered":"https:\/\/www.radioamigavallenar.cl\/?p=97484"},"modified":"2026-01-13T08:45:06","modified_gmt":"2026-01-13T11:45:06","slug":"artes-escenicas-itinerantes-regionales-abre-convocatoria-2026-para-el-desarrollo-de-giras-en-todas-las-regiones-del-pais","status":"publish","type":"post","link":"https:\/\/www.radioamigavallenar.cl\/?p=97484","title":{"rendered":"Artes Esc\u00e9nicas Itinerantes Regionales abre convocatoria 2026 para el desarrollo de giras en todas las regiones del pa\u00eds"},"content":{"rendered":"<p>Las postulaciones estar\u00e1n abiertas hasta el viernes 27 de febrero y financiar\u00e1n una iniciativa por regi\u00f3n con el objetivo de fortalecer la circulaci\u00f3n de las artes esc\u00e9nicas en el territorio y promover el acceso.<\/p>\n<p>El Ministerio de las Culturas, las Artes y el Patrimonio abri\u00f3 la convocatoria 2026 del Programa de Artes Esc\u00e9nicas Itinerantes Regionales, iniciativa que busca fortalecer la circulaci\u00f3n territorial de las artes esc\u00e9nicas y promover el acceso de la ciudadan\u00eda a espect\u00e1culos culturales en diversas comunas del pa\u00eds.<\/p>\n<p>Con un incremento presupuestario de 84 millones de pesos respecto del a\u00f1o anterior, el programa contar\u00e1 este a\u00f1o con un financiamiento total de 401 millones de pesos, destinados a apoyar 16 proyectos, uno por cada regi\u00f3n de Chile.<\/p>\n<p>Las postulaciones estar\u00e1n abiertas hasta el viernes 27 de febrero de 2026, a las 15:00 horas, y est\u00e1n dirigidas a artistas, compa\u00f1\u00edas y agrupaciones de teatro, danza, circo, \u00f3pera, narraci\u00f3n oral, t\u00edteres y propuestas interdisciplinarias, que desarrollen proyectos de itinerancia dentro de su regi\u00f3n de residencia. La iniciativa es impulsada por la Secretar\u00eda Ejecutiva de Artes Esc\u00e9nicas y tiene como prop\u00f3sito ampliar la oferta cultural, fomentar la participaci\u00f3n de los p\u00fablicos y fortalecer el v\u00ednculo entre las comunidades y el trabajo art\u00edstico local.<\/p>\n<p>Para la versi\u00f3n 2026, el programa considera distintos tramos de financiamiento seg\u00fan regi\u00f3n, permitiendo montos m\u00e1ximos de hasta 31 millones de pesos para aquellas incorporadas al grupo presupuestario N\u00b03, y hasta 21 o 26 millones de pesos para las dem\u00e1s regiones del pa\u00eds. Asimismo, las bases refuerzan el enfoque territorial del programa, estableciendo la realizaci\u00f3n de funciones y actividades en m\u00e1s de una provincia, privilegiando comunas distintas a la capital regional e incorporando, cuando sea posible, territorios rurales.<\/p>\n<p>&nbsp;<\/p>\n<p style=\"text-align: center;\"><strong>DESCENTRALIZACI\u00d3N<\/strong><\/p>\n<p>&nbsp;<\/p>\n<p>Al respecto, la Seremi (s) de las Culturas, las Artes y el Patrimonio de Atacama, Paulina Palavecino L\u00f3pez, destac\u00f3 la relevancia de esta convocatoria para la regi\u00f3n, se\u00f1alando que \u201ceste programa es una herramienta clave para la descentralizaci\u00f3n cultural, ya que permite que las artes esc\u00e9nicas lleguen a distintos territorios de Atacama, fortaleciendo el trabajo de creadoras y creadores locales y ampliando el acceso de las comunidades a experiencias art\u00edsticas significativas\u201d.<\/p>\n<p>La autoridad regional agreg\u00f3 que \u201cen versiones anteriores, Atacama ha sido protagonista de itinerancias que han puesto en valor nuestra identidad, el patrimonio y el trabajo esc\u00e9nico regional, generando encuentros entre artistas y p\u00fablicos en comunas que hist\u00f3ricamente han tenido menor acceso a este tipo de iniciativas\u201d.<\/p>\n<p>En ese sentido, durante los \u00faltimos a\u00f1os la Regi\u00f3n de Atacama ha sido beneficiada con proyectos que han permitido la circulaci\u00f3n de obras esc\u00e9nicas por distintas comunas, abordando tem\u00e1ticas vinculadas al patrimonio material e inmaterial, la memoria local y la identidad regional, fortaleciendo adem\u00e1s la vinculaci\u00f3n con organizaciones culturales y espacios comunitarios.<\/p>\n<p>La convocatoria 2026 mantiene la incorporaci\u00f3n de gastos asociados a labores de cuidado como \u00edtem financiable, medida que busca favorecer una mejor conciliaci\u00f3n entre la vida laboral y personal de los equipos art\u00edsticos. Adem\u00e1s, se solicitar\u00e1 a las propuestas incluir actividades complementarias orientadas a la mediaci\u00f3n, la formaci\u00f3n y el intercambio de conocimientos con agentes culturales locales, con el objetivo de potenciar la profesionalizaci\u00f3n del sector.<\/p>\n<p>Los proyectos seleccionados deber\u00e1n ejecutar sus itinerancias en un plazo m\u00e1ximo de ocho meses durante el a\u00f1o 2026, contemplando un plan de vinculaci\u00f3n con comunidades y p\u00fablicos que promueva la participaci\u00f3n activa y el acceso equitativo a las artes esc\u00e9nicas en los distintos territorios del pa\u00eds.<\/p>\n","protected":false},"excerpt":{"rendered":"<p>Las postulaciones estar\u00e1n abiertas hasta el viernes 27 de febrero y financiar\u00e1n una iniciativa por regi\u00f3n con el objetivo de fortalecer la circulaci\u00f3n de las&hellip; <\/p>\n","protected":false},"author":7,"featured_media":97485,"comment_status":"closed","ping_status":"closed","sticky":false,"template":"","format":"standard","meta":{"footnotes":""},"categories":[38],"tags":[],"class_list":["post-97484","post","type-post","status-publish","format-standard","has-post-thumbnail","hentry","category-portada-regional"],"_links":{"self":[{"href":"https:\/\/www.radioamigavallenar.cl\/index.php?rest_route=\/wp\/v2\/posts\/97484","targetHints":{"allow":["GET"]}}],"collection":[{"href":"https:\/\/www.radioamigavallenar.cl\/index.php?rest_route=\/wp\/v2\/posts"}],"about":[{"href":"https:\/\/www.radioamigavallenar.cl\/index.php?rest_route=\/wp\/v2\/types\/post"}],"author":[{"embeddable":true,"href":"https:\/\/www.radioamigavallenar.cl\/index.php?rest_route=\/wp\/v2\/users\/7"}],"replies":[{"embeddable":true,"href":"https:\/\/www.radioamigavallenar.cl\/index.php?rest_route=%2Fwp%2Fv2%2Fcomments&post=97484"}],"version-history":[{"count":1,"href":"https:\/\/www.radioamigavallenar.cl\/index.php?rest_route=\/wp\/v2\/posts\/97484\/revisions"}],"predecessor-version":[{"id":97486,"href":"https:\/\/www.radioamigavallenar.cl\/index.php?rest_route=\/wp\/v2\/posts\/97484\/revisions\/97486"}],"wp:featuredmedia":[{"embeddable":true,"href":"https:\/\/www.radioamigavallenar.cl\/index.php?rest_route=\/wp\/v2\/media\/97485"}],"wp:attachment":[{"href":"https:\/\/www.radioamigavallenar.cl\/index.php?rest_route=%2Fwp%2Fv2%2Fmedia&parent=97484"}],"wp:term":[{"taxonomy":"category","embeddable":true,"href":"https:\/\/www.radioamigavallenar.cl\/index.php?rest_route=%2Fwp%2Fv2%2Fcategories&post=97484"},{"taxonomy":"post_tag","embeddable":true,"href":"https:\/\/www.radioamigavallenar.cl\/index.php?rest_route=%2Fwp%2Fv2%2Ftags&post=97484"}],"curies":[{"name":"wp","href":"https:\/\/api.w.org\/{rel}","templated":true}]}}