{"id":97481,"date":"2026-01-13T08:41:00","date_gmt":"2026-01-13T11:41:00","guid":{"rendered":"https:\/\/www.radioamigavallenar.cl\/?p=97481"},"modified":"2026-01-13T08:41:00","modified_gmt":"2026-01-13T11:41:00","slug":"cierre-definitivo-del-sename-tras-46-anos-como-se-articula-y-que-funciones-tiene-el-nuevo-servicio-que-lo-reemplaza","status":"publish","type":"post","link":"https:\/\/www.radioamigavallenar.cl\/?p=97481","title":{"rendered":"Cierre definitivo del Sename tras 46 a\u00f1os: C\u00f3mo se articula y qu\u00e9 funciones tiene el nuevo Servicio que lo reemplaza"},"content":{"rendered":"<p>A partir de este martes 13 de enero, comienza a funcionar oficialmente el<\/p>\n<p><strong>Servicio Nacional de Reinserci\u00f3n Social Juvenil<\/strong>, organismo especializado que reemplaza al\u00a0<strong>Servicio Nacional de Menores (Sename)<\/strong>, que ayer cerr\u00f3 de manera definitiva.<\/p>\n<p>El cierre del Sename marca el t\u00e9rmino de una instituci\u00f3n que por 46 a\u00f1os estuvo a cargo de la protecci\u00f3n de ni\u00f1os, ni\u00f1as y adolescentes en Chile y de aquellos j\u00f3venes que han infringido la ley.<\/p>\n<p>Este proceso de transformaci\u00f3n comenz\u00f3 en 2021, con la creaci\u00f3n del Servicio Nacional de Protecci\u00f3n Especializada a la Ni\u00f1ez y Adolescencia, dependiente del Ministerio de Desarrollo Social y Familia, cuyo objetivo fue asumir de manera exclusiva la protecci\u00f3n de ni\u00f1os, ni\u00f1as y adolescentes gravemente vulnerados en sus derechos.<\/p>\n<p>Con ello, el Estado avanz\u00f3 en la separaci\u00f3n definitiva de las funciones de protecci\u00f3n y de justicia juvenil, sentando las bases para una atenci\u00f3n m\u00e1s especializada y focalizada.<\/p>\n<p>Posteriormente, en enero de 2024, se inici\u00f3 en la zona norte del pa\u00eds el cierre gradual del Sename en su rol vinculado a la justicia juvenil, proceso que continu\u00f3 en la zona sur a comienzos de 2025 y que concluye ahora en la zona centro.<\/p>\n<p>&nbsp;<\/p>\n<p style=\"text-align: center;\"><strong>Servicio Nacional de Reinserci\u00f3n Social Juvenil<\/strong><\/p>\n<p>&nbsp;<\/p>\n<p>Con este hito, las funciones que a\u00fan ejerc\u00eda el servicio son traspasadas al\u00a0<strong>Servicio Nacional de Reinserci\u00f3n Social Juvenil<\/strong>, entidad especializada y responsable de administrar y ejecutar las medidas y sanciones establecidas en la Ley N\u00b020.084.<\/p>\n<p>Tambi\u00e9n tiene como misi\u00f3n la elaboraci\u00f3n e implementaci\u00f3n de pol\u00edticas y programas que contribuyan a la modificaci\u00f3n de la conducta delictiva y la reinserci\u00f3n social de los j\u00f3venes.<\/p>\n<p>En cuanto a la visi\u00f3n de la instituci\u00f3n, esta busca ser \u00abreconocida y posicionada nacional e internacionalmente\u00bb. Adem\u00e1s, detallan que \u00abelabora, formula y ejecuta un conjunto de pol\u00edticas altamente efectivas, con evaluaciones positivas y retroalimentaci\u00f3n de sus procesos\u00bb.<\/p>\n<p>Lo anterior lo realizar\u00e1 a partir de \u00ab<strong>un enfoque integral de acci\u00f3n y un recurso humano altamente especializado, reconocido, comprometido y \u00e9tico en la ejecuci\u00f3n de su tarea<\/strong>\u00ab.<\/p>\n<p>&nbsp;<\/p>\n<p style=\"text-align: center;\"><strong>El Sename<\/strong><\/p>\n<p>&nbsp;<\/p>\n<p>Creado hace 46 a\u00f1os, el Sename fue el primer servicio p\u00fablico en Chile dedicado de manera integral a la ni\u00f1ez y la adolescencia, asumiendo tanto tareas de protecci\u00f3n como de reinserci\u00f3n social.<\/p>\n<p>Desde el mismo -ahora- ex organismo, se\u00f1alan que \u00ab<strong>su trayectoria estuvo marcada por per\u00edodos complejos y tambi\u00e9n por importantes aprendizajes, reflejo de los desaf\u00edos estructurales que el pa\u00eds ha enfrentado hist\u00f3ricamente en esta materia<\/strong>\u00ab.<\/p>\n<p>La directora de Sename durante el 2024 y 2025, encargada de liderar el cierre del servicio, Mar\u00eda Eugenia Fern\u00e1ndez, se\u00f1al\u00f3 que \u00abm\u00e1s all\u00e1 de las distintas etapas que marcaron su historia, el cierre del Sename representa tambi\u00e9n un reconocimiento al trabajo de miles de funcionarias y funcionarios, as\u00ed como de equipos colaboradores, que entregaron su compromiso y vocaci\u00f3n al servicio de ni\u00f1os, ni\u00f1as y adolescentes en situaci\u00f3n de mayor vulnerabilidad\u00bb.<\/p>\n<p>\u00abEstos 46 a\u00f1os de experiencia permitieron un crecimiento institucional cuyos aprendizajes han sido traspasados a la nueva institucionalidad, con el objetivo de seguir fortaleciendo la reinserci\u00f3n y el cumplimiento de los objetivos de la ley\u00bb, agreg\u00f3.<\/p>\n<p>&nbsp;<\/p>\n<p style=\"text-align: center;\"><strong>Pol\u00e9micas del Sename<\/strong><\/p>\n<p>&nbsp;<\/p>\n<p>Durante su existencia, el Sename enfrent\u00f3 varias pol\u00e9micas: hubo denuncias por fallecimientos, exfuncionarios enfrentaron procesos judiciales y comisiones investigadoras.<\/p>\n<p>En 2016, el exdiputado Ren\u00e9 Saffirio present\u00f3 ante la Comisi\u00f3n Investigadora Sename II el antecedente de que\u00a0<a href=\"https:\/\/www.emol.com\/noticias\/Nacional\/2016\/07\/21\/813546\/Sename-bajo-la-lupa-Como-los-ninos-ingresan-a-un-servicio-superado-por-las-deficiencias.html\"><strong>185<\/strong><\/a>\u00a0menores a cargo de esa instituci\u00f3n hab\u00edan fallecido desde 2005.<\/p>\n<p>Los cuestionamientos surgieron a ra\u00edz del caso de\u00a0<strong>Lisette Villa<\/strong>, una menor de 11 a\u00f1os quien falleci\u00f3 en abril de 2016 en el Centro de Reparaci\u00f3n Especializada de Administraci\u00f3n Directa (Cread) Galvarino, en Estaci\u00f3n Central. En 2021 el Cuarto Tribunal Oral en lo Penal de Santiago conden\u00f3 a dos de las cuatro acusadas -las otras ex funcionarias fueron absueltas- por la muerte de la menor.<\/p>\n<p>En 2021, la Fiscal\u00eda inici\u00f3 una investigaci\u00f3n de oficio luego que en una dependencia de Providencia se escucharan gritos \u00abde dolor y auxilio\u00bb por parte de un menor. Desde el Sename se\u00f1alaron por ese entonces que, seg\u00fan la informaci\u00f3n que manejaban, el problema se hab\u00eda originado \u00abpor una situaci\u00f3n familiar grave que afect\u00f3 a uno de los ni\u00f1os\u00bb.<\/p>\n<p>En febrero de 2025, la<strong>\u00a0Corte Interamericana de Derechos Humanos (CIDH) conden\u00f3 al Estado chileno<\/strong>\u00a0por las malas condiciones de detenci\u00f3n de adolescentes y la muerte de diez de ellos en un incendio en un centro de Puerto Montt, hecho ocurrido el a\u00f1o 2007.<\/p>\n<p>\u00abEl Estado, pese a la posici\u00f3n particular de especial garante que detentaba respecto a la poblaci\u00f3n privada de libertad en el Centro &#8216;Tiempo de Crecer&#8217; de Puerto Montt, no tom\u00f3 las medidas necesarias para prevenir el incendio del 21 de octubre de 2007, ni tampoco actu\u00f3 con la diligencia debida frente al desarrollo del incidente\u00bb, concluy\u00f3 la CIDH en la sentencia.<\/p>\n<p>La CIDH tambi\u00e9n declar\u00f3 la responsabilidad del Estado por violaciones de derechos humanos vinculadas a las condiciones de privaci\u00f3n de libertad en las que permanecieron 271 j\u00f3venes que, en diversos periodos entre el 12 de junio de 2006 y el 24 de enero de 2009, estuvieron alojados en los centros de internaci\u00f3n provisoria y r\u00e9gimen cerrado Lihu\u00e9n, Antuhu\u00e9, San Bernardo y &#8216;Tiempo de Crecer&#8217;, que estaban a cargo del Sename.<\/p>\n","protected":false},"excerpt":{"rendered":"<p>A partir de este martes 13 de enero, comienza a funcionar oficialmente el Servicio Nacional de Reinserci\u00f3n Social Juvenil, organismo especializado que reemplaza al\u00a0Servicio Nacional&hellip; <\/p>\n","protected":false},"author":7,"featured_media":97482,"comment_status":"closed","ping_status":"closed","sticky":false,"template":"","format":"standard","meta":{"footnotes":""},"categories":[37],"tags":[],"class_list":["post-97481","post","type-post","status-publish","format-standard","has-post-thumbnail","hentry","category-nacional"],"_links":{"self":[{"href":"https:\/\/www.radioamigavallenar.cl\/index.php?rest_route=\/wp\/v2\/posts\/97481","targetHints":{"allow":["GET"]}}],"collection":[{"href":"https:\/\/www.radioamigavallenar.cl\/index.php?rest_route=\/wp\/v2\/posts"}],"about":[{"href":"https:\/\/www.radioamigavallenar.cl\/index.php?rest_route=\/wp\/v2\/types\/post"}],"author":[{"embeddable":true,"href":"https:\/\/www.radioamigavallenar.cl\/index.php?rest_route=\/wp\/v2\/users\/7"}],"replies":[{"embeddable":true,"href":"https:\/\/www.radioamigavallenar.cl\/index.php?rest_route=%2Fwp%2Fv2%2Fcomments&post=97481"}],"version-history":[{"count":1,"href":"https:\/\/www.radioamigavallenar.cl\/index.php?rest_route=\/wp\/v2\/posts\/97481\/revisions"}],"predecessor-version":[{"id":97483,"href":"https:\/\/www.radioamigavallenar.cl\/index.php?rest_route=\/wp\/v2\/posts\/97481\/revisions\/97483"}],"wp:featuredmedia":[{"embeddable":true,"href":"https:\/\/www.radioamigavallenar.cl\/index.php?rest_route=\/wp\/v2\/media\/97482"}],"wp:attachment":[{"href":"https:\/\/www.radioamigavallenar.cl\/index.php?rest_route=%2Fwp%2Fv2%2Fmedia&parent=97481"}],"wp:term":[{"taxonomy":"category","embeddable":true,"href":"https:\/\/www.radioamigavallenar.cl\/index.php?rest_route=%2Fwp%2Fv2%2Fcategories&post=97481"},{"taxonomy":"post_tag","embeddable":true,"href":"https:\/\/www.radioamigavallenar.cl\/index.php?rest_route=%2Fwp%2Fv2%2Ftags&post=97481"}],"curies":[{"name":"wp","href":"https:\/\/api.w.org\/{rel}","templated":true}]}}