{"id":97478,"date":"2026-01-13T08:37:48","date_gmt":"2026-01-13T11:37:48","guid":{"rendered":"https:\/\/www.radioamigavallenar.cl\/?p=97478"},"modified":"2026-01-13T08:37:48","modified_gmt":"2026-01-13T11:37:48","slug":"dorothy-perez-critica-reajuste-a-sector-publico-y-amarre-modifica-regimen-juridico-de-contraloria","status":"publish","type":"post","link":"https:\/\/www.radioamigavallenar.cl\/?p=97478","title":{"rendered":"Dorothy P\u00e9rez critica reajuste a sector p\u00fablico y \u00abamarre\u00bb: \u00abModifica r\u00e9gimen jur\u00eddico de Contralor\u00eda\u00bb"},"content":{"rendered":"<p>La\u00a0<strong>contralora general de la Rep\u00fablica, Dorothy P\u00e9rez, dio a conocer sus cuestionamientos y cr\u00edticas al proyecto de reajuste al sector p\u00fablico presentado por el Ejecutivo<\/strong>, haciendo especial \u00e9nfasis en sus descargos hacia la\u00a0<strong>norma de \u201camarre\u201d<\/strong>.<\/p>\n<p>En concreto, la titular de Contralor\u00eda se refiri\u00f3 a la pol\u00e9mica propuesta del Gobierno luego de asistir la tarde del lunes a la comisi\u00f3n de Hacienda de la C\u00e1mara de Diputados.<\/p>\n<p>En la instancia, inici\u00f3 su pronunciamiento mencionando que \u201cla Contralor\u00eda no cuenta con la data del conjunto total de asignaciones que est\u00e1n sujetas a reajuste. Y esto nos impide validar la proyecci\u00f3n de estos gastos, como se requiri\u00f3 en la invitaci\u00f3n\u201d.<\/p>\n<p>En esa l\u00ednea, si bien reconoci\u00f3 que \u201cse han sostenido reuniones con la Dipres para revisar la metodolog\u00eda de trabajo\u201d, existen \u201cotros componentes de gasto, por ejemplo, los aguinaldos y los bonos\u201d.<\/p>\n<p>\u201cNo tenemos como validarlos porque no est\u00e1n los antecedentes relativos a las personas que van a ser beneficiarias de estos aguinaldos y bonos, ni tampoco los tramos de sueldos entre los cuales se va a asignar estos pagos y beneficios\u201d, asever\u00f3.<\/p>\n<p>Por lo dem\u00e1s, la contralora abord\u00f3 -a modo de ejemplo- casos de funcionarios a contrata que han ingresado al sector p\u00fablico en grados altos y con millonarias remuneraciones.<\/p>\n<p>\u201cHay personas que son funcionarios p\u00fablicos que llevan 20 a\u00f1os para subir de grado, 15 a\u00f1os, 18 a\u00f1os que han ido ascendiendo v\u00eda carrera\u201d, mencion\u00f3. \u201cSin embargo, de manera oblicua, en distintas \u00e9pocas, han ingresado personas con grados muy superiores\u201d, se\u00f1al\u00f3, comentando casos registrados desde marzo de 2022.<\/p>\n<p>En ese sentido, cuestion\u00f3 que algunos de esos nuevos funcionarios a contrata llegan \u201ca veces a realizar la misma funci\u00f3n. Lamento decir esto:\u00a0<strong>a veces a aprender de funcionarios de planta, con una remuneraci\u00f3n mucho mayor<\/strong>\u201c.<\/p>\n<p>\u201cLos funcionarios nos reclaman:\u00a0<strong>\u2018Qu\u00e9 injusticia se produce cuando ingresa alguien de manera directa y nosotros llevamos una d\u00e9cada esperando\u2019<\/strong>\u201c, resalt\u00f3 Dorothy P\u00e9rez.<\/p>\n<p>Por lo anterior, apunt\u00f3 directamente a la norma de \u201camarre\u201d presentada por el Gobierno del presidente Gabriel Boric y que ha sido duramente criticada por sectores de la oposici\u00f3n. Esto, dado que busca limitar despidos en ciertas situaciones una vez que asuma el pr\u00f3ximo Ejecutivo.<\/p>\n<p>\u201cPara los funcionarios que son transitorios -a contrata- (se) establece que por el solo ministerio de la ley expirar\u00e1n el 31 de diciembre\u201d, explica. \u201cEste art\u00edculo lo que est\u00e1 haciendo es modificar de manera directa un r\u00e9gimen estatutario, pero no se hace cargo de los efectos que tiene esta modificaci\u00f3n en el resto del sistema, tal como se los expres\u00e9 con los ejemplos que trajimos\u201d, detall\u00f3.<\/p>\n<p>Ante ello, advirti\u00f3 que dicha norma\u00a0<span class=\"destacador destacado\">afectar\u00eda gravemente el \u201ccoraz\u00f3n\u201d de la carrera funcionaria<\/span>\u00a0del resto del personal, sobre todo de quienes han ingresado mediante concursos p\u00fablicos y desde los estamentos m\u00e1s bajos de cada \u00e1rea.<\/p>\n<p>\u201c<strong>El efecto concreto y pr\u00e1ctico es que afecta a la carrera funcionaria<\/strong>, porque los funcionarios que han estado haciendo esa carrera pueden ser saltados por terceros que son ajenos a la administraci\u00f3n o que han ingresado hace muy poco, que pueden acceder a cargos de mucho mayor grado en desmedro del resto de los funcionarios p\u00fablicos, que se han desempe\u00f1ado por largos a\u00f1os en la instituci\u00f3n\u201d, recalc\u00f3.<\/p>\n<blockquote><p><em><strong>Cabe mencionar que la carrera funcionaria se encuentra comprendida por dos partes: personal de planta y de contrata. El primero mantiene una relaci\u00f3n laboral fija (o permanente) con el Estado, por lo que posee beneficios y garant\u00edas laborales.<\/strong><\/em><\/p><\/blockquote>\n<h2>Dorothy P\u00e9rez advierte que \u201camarre\u201d altera competencias de Contralor\u00eda<\/h2>\n<p>La jefa de Contralor\u00eda tambi\u00e9n carg\u00f3 contra el art\u00edculo que establece que el ente contralor no debe intervenir ni informar en los temas judiciales que puedan ser de aspecto litigioso o est\u00e9n bajo conocimiento de tribunales, ante lo cual solo podr\u00eda abtenerse.<\/p>\n<p>\u201c<strong>Esta norma altera las competencias de un \u00f3rgano<\/strong>. Esta norma, que es una ley miscel\u00e1nea,\u00a0<strong>altera directamente las competencias de un \u00f3rgano de naturaleza aut\u00f3noma constitucional<\/strong>. Estas competencias espec\u00edficas le confieren la facultad a la Contralor\u00eda de pronunciarse en estas materias\u201d, subray\u00f3.<\/p>\n<p>\u201cEl hecho de que se pueda en una ley miscel\u00e1nea de rango simple, modificar la organizaci\u00f3n y las atribuciones de los \u00f3rganos, es una cuesti\u00f3n que m\u00e1s all\u00e1 del caso de la Contralor\u00eda, hay que preguntarse si abrir estos precedentes y estas compuertas es beneficioso\u201d, alert\u00f3.<\/p>\n<p>As\u00ed las cosas, Dorothy P\u00e9rez insisti\u00f3 en que \u201cse est\u00e1 modificando el r\u00e9gimen jur\u00eddico de la Contralor\u00eda General de la Rep\u00fablica\u201d. \u201cEsto tiene que verificarse por una norma org\u00e1nico constitucional\u201d, agreg\u00f3.<\/p>\n<p>Cabe mencionar que la discusi\u00f3n del proyecto de reajuste fiscal, con la norma de \u201camarre\u201d. contin\u00faa este martes en la Comisi\u00f3n de Hacienda, donde se espera que se contin\u00fae manifestando el rechazo por parte de la oposici\u00f3n.<\/p>\n","protected":false},"excerpt":{"rendered":"<p>La\u00a0contralora general de la Rep\u00fablica, Dorothy P\u00e9rez, dio a conocer sus cuestionamientos y cr\u00edticas al proyecto de reajuste al sector p\u00fablico presentado por el Ejecutivo,&hellip; <\/p>\n","protected":false},"author":7,"featured_media":97479,"comment_status":"closed","ping_status":"closed","sticky":false,"template":"","format":"standard","meta":{"footnotes":""},"categories":[37],"tags":[],"class_list":["post-97478","post","type-post","status-publish","format-standard","has-post-thumbnail","hentry","category-nacional"],"_links":{"self":[{"href":"https:\/\/www.radioamigavallenar.cl\/index.php?rest_route=\/wp\/v2\/posts\/97478","targetHints":{"allow":["GET"]}}],"collection":[{"href":"https:\/\/www.radioamigavallenar.cl\/index.php?rest_route=\/wp\/v2\/posts"}],"about":[{"href":"https:\/\/www.radioamigavallenar.cl\/index.php?rest_route=\/wp\/v2\/types\/post"}],"author":[{"embeddable":true,"href":"https:\/\/www.radioamigavallenar.cl\/index.php?rest_route=\/wp\/v2\/users\/7"}],"replies":[{"embeddable":true,"href":"https:\/\/www.radioamigavallenar.cl\/index.php?rest_route=%2Fwp%2Fv2%2Fcomments&post=97478"}],"version-history":[{"count":1,"href":"https:\/\/www.radioamigavallenar.cl\/index.php?rest_route=\/wp\/v2\/posts\/97478\/revisions"}],"predecessor-version":[{"id":97480,"href":"https:\/\/www.radioamigavallenar.cl\/index.php?rest_route=\/wp\/v2\/posts\/97478\/revisions\/97480"}],"wp:featuredmedia":[{"embeddable":true,"href":"https:\/\/www.radioamigavallenar.cl\/index.php?rest_route=\/wp\/v2\/media\/97479"}],"wp:attachment":[{"href":"https:\/\/www.radioamigavallenar.cl\/index.php?rest_route=%2Fwp%2Fv2%2Fmedia&parent=97478"}],"wp:term":[{"taxonomy":"category","embeddable":true,"href":"https:\/\/www.radioamigavallenar.cl\/index.php?rest_route=%2Fwp%2Fv2%2Fcategories&post=97478"},{"taxonomy":"post_tag","embeddable":true,"href":"https:\/\/www.radioamigavallenar.cl\/index.php?rest_route=%2Fwp%2Fv2%2Ftags&post=97478"}],"curies":[{"name":"wp","href":"https:\/\/api.w.org\/{rel}","templated":true}]}}