{"id":97475,"date":"2026-01-13T08:34:42","date_gmt":"2026-01-13T11:34:42","guid":{"rendered":"https:\/\/www.radioamigavallenar.cl\/?p=97475"},"modified":"2026-01-13T08:34:42","modified_gmt":"2026-01-13T11:34:42","slug":"programa-energia-para-emprendedores-impulsa-el-desarrollo-local-y-la-capacitacion-a-emprendedores-de-freirina-y-sus-caletas","status":"publish","type":"post","link":"https:\/\/www.radioamigavallenar.cl\/?p=97475","title":{"rendered":"Programa Energ\u00eda para Emprendedores impulsa el desarrollo local y la capacitaci\u00f3n a emprendedores de Freirina y sus caletas"},"content":{"rendered":"<p>La iniciativa fortaleci\u00f3 el ecosistema emprendedor a trav\u00e9s de talleres formativos, asesor\u00edas especializadas y fondos semilla, apoyando distintos rubros del comercio en la comuna.<\/p>\n<p>El Domo de la Caleta Cha\u00f1aral de Aceituno se convirti\u00f3 en un punto de encuentro para el emprendimiento local con la ceremonia de cierre del programa \u201cEnerg\u00eda para Emprendedores Freirina\u2013Colb\u00fan\u201d, iniciativa impulsada por Colb\u00fan, a trav\u00e9s del Parque E\u00f3lico San Juan, en colaboraci\u00f3n con la Ilustre Municipalidad de Freirina y ejecutada por la consultora Gedes.<\/p>\n<p>En su primera versi\u00f3n en la Regi\u00f3n de Atacama, el programa contempl\u00f3 un completo proceso de capacitaci\u00f3n, asesor\u00edas especializadas, acompa\u00f1amiento t\u00e9cnico y acceso a un Fondo Semilla. El enfoque estuvo puesto en el desarrollo sostenible, la identidad territorial y la generaci\u00f3n de un impacto positivo en las comunidades de Freirina, especialmente en sectores como Cha\u00f1aral de Aceituno, Carrizalillo, Caleta La Reina y Caleta Los Burros.<\/p>\n<p>En su etapa final, la iniciativa reuni\u00f3 a 15 emprendedores y emprendedoras, quienes completaron exitosamente un programa formativo presencial de 40 horas, abordando contenidos clave como modelos de negocio, formulaci\u00f3n de proyectos, gesti\u00f3n financiera, marketing digital, sostenibilidad y presentaci\u00f3n efectiva de sus emprendimientos, adem\u00e1s de participar en asesor\u00edas individuales orientadas a fortalecer sus proyectos.<\/p>\n<p>Al respecto, el alcalde de la comuna de Freirina, Fernando Ruhl, se\u00f1al\u00f3 que \u201ces muy valioso que Colb\u00fan, a trav\u00e9s de la consultora Gedes, capacite a los beneficiarios en temas como marketing, finanzas y contabilidad, porque les entrega herramientas para surgir y avanzar hacia la formalizaci\u00f3n de sus emprendimientos. Adem\u00e1s, el capital semilla de un mill\u00f3n de pesos para 10 personas seleccionadas les permitir\u00e1 emprender mejor y fortalecer sus negocios. Como municipio, esperamos seguir contando con Colb\u00fan para continuar apoyando el emprendimiento local y fomentando iniciativas que contribuyan a una mejor calidad de vida\u201d.<\/p>\n<p>Durante la ceremonia de cierre, se realiz\u00f3 la entrega de diplomas que certifican la participaci\u00f3n y aprobaci\u00f3n del curso \u201cEnerg\u00eda para Emprendedores\u201d, instancia que adem\u00e1s permiti\u00f3 reconocer el esfuerzo, compromiso y perseverancia de quienes formaron parte del proceso. En este contexto, tambi\u00e9n se anunciaron los resultados del fondo semilla,<\/p>\n<p>mediante el cual 10 emprendedores fueron beneficiados con un financiamiento de $1.000.000 cada uno, destinado a la implementaci\u00f3n y crecimiento de sus negocios.<\/p>\n<p>Gonzalo Palacios, jefe de Comunidades Centrales Zona Norte de Colb\u00fan explic\u00f3 que \u201cpara nosotros ha sido una muy grata experiencia, en este es el primer a\u00f1o en que implementamos el programa \u2018Energ\u00eda para Emprendedores Freirina\u2013Colb\u00fan\u2019. Esto ha sido posible gracias a un trabajo constante y a contar con muy buenos socios, como la Municipalidad de Freirina y la consultora Gedes, lo que nos permiti\u00f3 planificar una iniciativa orientada a entregar m\u00e1s capacidades a emprendedores de la comuna. Inicialmente participaron 20 emprendedores, de los cuales 15 se certificaron, profundizando conocimientos que ya ten\u00edan y fortaleciendo as\u00ed sus negocios, en un territorio que ofrece importantes oportunidades, especialmente en sectores como Cha\u00f1aral de Aceituno, Freirina, Caleta Los Burros y Caleta La Reina\u201d.<\/p>\n<p>Asimismo, el gerente regional de Gedes Atacama, Mario Bown, coment\u00f3 que \u201clo principal es reconocer a los emprendedores y emprendedoras que participaron en este proceso de capacitaci\u00f3n, considerando el tiempo y la dedicaci\u00f3n que debieron destinar para ser parte de esta instancia, por lo que agradecemos su compromiso y participaci\u00f3n en esta etapa. Ahora se inicia un proceso de selecci\u00f3n de 10 ganadores, quienes acceder\u00e1n a un fondo semilla de un mill\u00f3n de pesos, lo que adem\u00e1s ir\u00e1 acompa\u00f1ado de un proceso de acompa\u00f1amiento por parte de Gedes\u201d.<\/p>\n<p>Finalmente, Mirtha Milla, emprendedora del rubro de las aceitunas, valor\u00f3 el proceso formativo que culmin\u00f3 con su certificaci\u00f3n. \u201cFue una muy buena experiencia, porque m\u00e1s all\u00e1 del apoyo econ\u00f3mico, la ense\u00f1anza fue excelente y nos entregaron muchas alternativas y conocimientos para seguir emprendiendo\u201d.<\/p>\n<p>Desde la mirada de quienes participaron directamente en el programa, la experiencia fue valorada como una oportunidad concreta de aprendizaje y crecimiento, especialmente para emprendimientos desarrollados en zonas rurales y costeras de la comuna.<\/p>\n<p>El programa \u201cEnerg\u00eda para Emprendedores Freirina\u2013Colb\u00fan\u201d contempl\u00f3 adem\u00e1s una etapa de acompa\u00f1amiento posterior a la entrega de fondos, orientada a apoyar los procesos de compra, rendici\u00f3n e implementaci\u00f3n de la inversi\u00f3n, junto con una evaluaci\u00f3n de impacto, que permitir\u00e1 medir el crecimiento y los cambios generados en los negocios beneficiados durante los pr\u00f3ximos meses.<\/p>\n<p>Con este cierre, Colb\u00fan, Gedes y la Ilustre Municipalidad de Freirina reafirman su compromiso con el desarrollo econ\u00f3mico local, el fortalecimiento del emprendimiento y la generaci\u00f3n de oportunidades reales para las comunidades, a trav\u00e9s de un trabajo colaborativo que articula al sector p\u00fablico, privado y social en beneficio del territorio.<\/p>\n","protected":false},"excerpt":{"rendered":"<p>La iniciativa fortaleci\u00f3 el ecosistema emprendedor a trav\u00e9s de talleres formativos, asesor\u00edas especializadas y fondos semilla, apoyando distintos rubros del comercio en la comuna. El&hellip; <\/p>\n","protected":false},"author":7,"featured_media":97476,"comment_status":"closed","ping_status":"closed","sticky":false,"template":"","format":"standard","meta":{"footnotes":""},"categories":[7],"tags":[],"class_list":["post-97475","post","type-post","status-publish","format-standard","has-post-thumbnail","hentry","category-atacama"],"_links":{"self":[{"href":"https:\/\/www.radioamigavallenar.cl\/index.php?rest_route=\/wp\/v2\/posts\/97475","targetHints":{"allow":["GET"]}}],"collection":[{"href":"https:\/\/www.radioamigavallenar.cl\/index.php?rest_route=\/wp\/v2\/posts"}],"about":[{"href":"https:\/\/www.radioamigavallenar.cl\/index.php?rest_route=\/wp\/v2\/types\/post"}],"author":[{"embeddable":true,"href":"https:\/\/www.radioamigavallenar.cl\/index.php?rest_route=\/wp\/v2\/users\/7"}],"replies":[{"embeddable":true,"href":"https:\/\/www.radioamigavallenar.cl\/index.php?rest_route=%2Fwp%2Fv2%2Fcomments&post=97475"}],"version-history":[{"count":1,"href":"https:\/\/www.radioamigavallenar.cl\/index.php?rest_route=\/wp\/v2\/posts\/97475\/revisions"}],"predecessor-version":[{"id":97477,"href":"https:\/\/www.radioamigavallenar.cl\/index.php?rest_route=\/wp\/v2\/posts\/97475\/revisions\/97477"}],"wp:featuredmedia":[{"embeddable":true,"href":"https:\/\/www.radioamigavallenar.cl\/index.php?rest_route=\/wp\/v2\/media\/97476"}],"wp:attachment":[{"href":"https:\/\/www.radioamigavallenar.cl\/index.php?rest_route=%2Fwp%2Fv2%2Fmedia&parent=97475"}],"wp:term":[{"taxonomy":"category","embeddable":true,"href":"https:\/\/www.radioamigavallenar.cl\/index.php?rest_route=%2Fwp%2Fv2%2Fcategories&post=97475"},{"taxonomy":"post_tag","embeddable":true,"href":"https:\/\/www.radioamigavallenar.cl\/index.php?rest_route=%2Fwp%2Fv2%2Ftags&post=97475"}],"curies":[{"name":"wp","href":"https:\/\/api.w.org\/{rel}","templated":true}]}}