{"id":97472,"date":"2026-01-13T00:00:19","date_gmt":"2026-01-13T03:00:19","guid":{"rendered":"https:\/\/www.radioamigavallenar.cl\/?p=97472"},"modified":"2026-01-12T23:27:07","modified_gmt":"2026-01-13T02:27:07","slug":"congreso-futuro-2026-se-lanza-en-atacama-con-una-agenda-descentralizada-en-vallenar-copiapo-y-caldera","status":"publish","type":"post","link":"https:\/\/www.radioamigavallenar.cl\/?p=97472","title":{"rendered":"Congreso Futuro 2026 se lanza en Atacama con una agenda descentralizada en Vallenar, Copiap\u00f3 y Caldera"},"content":{"rendered":"<p>El evento se desarrollar\u00e1 los d\u00edas 13, 14 y 15 de enero y contempla; exposiciones, charlas cient\u00edficas, muestras de emprendimiento, actividades culturales y art\u00edsticas, abiertas a toda la familia.<\/p>\n<p>Con el objetivo de acercar la ciencia, la innovaci\u00f3n y el conocimiento a los territorios, se realiz\u00f3 el lanzamiento oficial de Congreso Futuro Atacama 2026, evento que se desarrollar\u00e1 los d\u00edas 13, 14 y 15 de enero en las comunas de Vallenar, Copiap\u00f3 y Caldera, consolidando una apuesta concreta por la descentralizaci\u00f3n y la participaci\u00f3n activa de la comunidad.<\/p>\n<p>Desde el Gobierno Regional de Atacama se destac\u00f3 la amplia coordinaci\u00f3n interinstitucional que ha permitido levantar una nutrida y diversa programaci\u00f3n, con la participaci\u00f3n de Sercotec, la Universidad de Atacama, la Corporaci\u00f3n Paleontol\u00f3gica, los municipios de Vallenar, Copiap\u00f3 y Caldera. A este trabajo conjunto se suman estudiantes universitarios que participar\u00e1n como voluntarios y voluntarias, apoyando el desarrollo de cada una de las actividades.<\/p>\n<div class=\"code-block code-block-3\">\n<div id=\"sas_99435\"><\/div>\n<\/div>\n<p>\u201cEstamos cumpliendo un objetivo importante que es acercar la ciencia y la innovaci\u00f3n a los territorios de nuestra regi\u00f3n y adem\u00e1s poniendo en pr\u00e1ctica la descentralizaci\u00f3n porque vamos a tener actividades tanto en Vallenar como en Copiap\u00f3 y tambi\u00e9n en la comuna de Caldera. Tenemos que predicar con el ejemplo quienes defendemos con mucha pasi\u00f3n la descentralizaci\u00f3n en cada actividad, programa acci\u00f3n que emprendamos tenemos que aplicar estos criterios de implementaci\u00f3n de car\u00e1cter territorial\u201d, se\u00f1al\u00f3 el Gobernador Regional, Miguel Vargas.<\/p>\n<p>La programaci\u00f3n contempla exposiciones, charlas cient\u00edficas, muestras de emprendimiento, actividades culturales y art\u00edsticas, abiertas a toda la familia atacame\u00f1a. En Vallenar, las actividades se desarrollar\u00e1n el martes 13 de enero desde las 15:00 horas en el Centro Cultural V\u00edctor Acosta, con exposiciones de astronom\u00eda y ciencia, culminando con la presentaci\u00f3n del destacado cient\u00edfico Jos\u00e9 Maza, en lo que ser\u00e1 su primera participaci\u00f3n en la comuna.<\/p>\n<p>Carolina Armenakis, Encargado de Cultura del municipio de Vallenar, manifest\u00f3: \u201cEstamos muy contentos como Municipalidad de Vallenar, a trav\u00e9s del alcalde V\u00edctor Isla, poder ser anfitri\u00f3n y comenzar el Congreso futuro. Por primera vez vamos a estar en esta comuna y estamos entonces muy ansiosos de poder generar las mejores condiciones\u201d.<\/p>\n<p>En Copiap\u00f3, la jornada del mi\u00e9rcoles 14 de enero combinar\u00e1 charlas cient\u00edficas con la presencia de emprendedores y emprendedoras de la regi\u00f3n, quienes exhibir\u00e1n productos con denominaci\u00f3n de origen, reflejo del esfuerzo, la innovaci\u00f3n y el talento local, todo ello en dependencias de la Sala de C\u00e1mara, finalizando con el cierre musical del grupo Inti-Illimani.<\/p>\n<div class=\"code-block code-block-4\">\n<div id=\"sas_99072\"><\/div>\n<\/div>\n<p>Por su parte, Marcelo Quiroga, director regional de SERCOTEC, indic\u00f3: \u201cla invitaci\u00f3n cierto es a un evento, a un espect\u00e1culo que comprende no solo ciencia, sino que tambi\u00e9n arte y por supuesto innovaci\u00f3n. Y en ese sentido, desde Sercotec en el marco de Congreso Futuro, nosotros estamos organizando la Feria, la Expo Emprendimiento Innovaci\u00f3n, donde vamos a contar con 30 emprendedores en la comuna de Vallenar, con 50 emprendedores en Copiap\u00f3, haciendo probablemente una de las ferias de emprendimiento m\u00e1s grande que se han hecho aqu\u00ed en la regi\u00f3n\u201d.<\/p>\n<p>Finalmente, el jueves 15 de enero en Caldera, Congreso Futuro pondr\u00e1 el acento en la paleontolog\u00eda, incorporando la presentaci\u00f3n del reconocido pianista Roberto Bravo y, adem\u00e1s de una sorpresa en desarrollo que busca propiciar una conversaci\u00f3n simb\u00f3lica con Pedro Le\u00f3n Gallo, abordando los desaf\u00edos de la descentralizaci\u00f3n y el futuro de la regi\u00f3n, utilizando herramientas tecnol\u00f3gicas innovadoras.<\/p>\n<p>En esta l\u00ednea, Pablo Quilodr\u00e1n, Director ejecutivo de la Corporaci\u00f3n Regional de Paleontolog\u00eda CIAHN Atacama, consign\u00f3: \u201cDentro de los invitados internacionales les puedo contar que como regi\u00f3n somos tan trascendente en temas de ciencias naturales, de paleontolog\u00eda, que por cuarto a\u00f1o, somos quienes elegimos el paleont\u00f3logo que visita el pa\u00eds y en este caso viene el doctor Luis Chiape, que es el jefe de paleontolog\u00eda del Museo de Los \u00c1ngeles en California, especialista en la evoluci\u00f3n de los dinosaurios y va a dar una conferencia de cierre en la noche del d\u00eda jueves 15 en Caldera\u201d.<\/p>\n<p>Finalmente, se realiz\u00f3 un llamado a la comunidad a participar de las actividades, destacando que el \u00e9xito de Congreso Futuro depende tanto de la coordinaci\u00f3n institucional como de la presencia de las familias, estudiantes, emprendedores y vecinos de la regi\u00f3n. De cara al futuro, se proyecta como desaf\u00edo ampliar el alcance del evento hacia la provincia de Cha\u00f1aral en una pr\u00f3xima edici\u00f3n, junto con continuar desarrollando iniciativas cient\u00edficas durante todo el a\u00f1o en establecimientos educacionales y espacios comunitarios de Atacama.<\/p>\n","protected":false},"excerpt":{"rendered":"<p>El evento se desarrollar\u00e1 los d\u00edas 13, 14 y 15 de enero y contempla; exposiciones, charlas cient\u00edficas, muestras de emprendimiento, actividades culturales y art\u00edsticas, abiertas&hellip; <\/p>\n","protected":false},"author":7,"featured_media":97473,"comment_status":"closed","ping_status":"closed","sticky":false,"template":"","format":"standard","meta":{"footnotes":""},"categories":[38],"tags":[],"class_list":["post-97472","post","type-post","status-publish","format-standard","has-post-thumbnail","hentry","category-portada-regional"],"_links":{"self":[{"href":"https:\/\/www.radioamigavallenar.cl\/index.php?rest_route=\/wp\/v2\/posts\/97472","targetHints":{"allow":["GET"]}}],"collection":[{"href":"https:\/\/www.radioamigavallenar.cl\/index.php?rest_route=\/wp\/v2\/posts"}],"about":[{"href":"https:\/\/www.radioamigavallenar.cl\/index.php?rest_route=\/wp\/v2\/types\/post"}],"author":[{"embeddable":true,"href":"https:\/\/www.radioamigavallenar.cl\/index.php?rest_route=\/wp\/v2\/users\/7"}],"replies":[{"embeddable":true,"href":"https:\/\/www.radioamigavallenar.cl\/index.php?rest_route=%2Fwp%2Fv2%2Fcomments&post=97472"}],"version-history":[{"count":1,"href":"https:\/\/www.radioamigavallenar.cl\/index.php?rest_route=\/wp\/v2\/posts\/97472\/revisions"}],"predecessor-version":[{"id":97474,"href":"https:\/\/www.radioamigavallenar.cl\/index.php?rest_route=\/wp\/v2\/posts\/97472\/revisions\/97474"}],"wp:featuredmedia":[{"embeddable":true,"href":"https:\/\/www.radioamigavallenar.cl\/index.php?rest_route=\/wp\/v2\/media\/97473"}],"wp:attachment":[{"href":"https:\/\/www.radioamigavallenar.cl\/index.php?rest_route=%2Fwp%2Fv2%2Fmedia&parent=97472"}],"wp:term":[{"taxonomy":"category","embeddable":true,"href":"https:\/\/www.radioamigavallenar.cl\/index.php?rest_route=%2Fwp%2Fv2%2Fcategories&post=97472"},{"taxonomy":"post_tag","embeddable":true,"href":"https:\/\/www.radioamigavallenar.cl\/index.php?rest_route=%2Fwp%2Fv2%2Ftags&post=97472"}],"curies":[{"name":"wp","href":"https:\/\/api.w.org\/{rel}","templated":true}]}}