{"id":97469,"date":"2026-01-13T00:00:02","date_gmt":"2026-01-13T03:00:02","guid":{"rendered":"https:\/\/www.radioamigavallenar.cl\/?p=97469"},"modified":"2026-01-12T23:24:48","modified_gmt":"2026-01-13T02:24:48","slug":"mulet-califica-como-grave-y-vergonzosa-celebracion-del-slep-atacama-y-exige-intervencion-del-ministerio-de-educacion","status":"publish","type":"post","link":"https:\/\/www.radioamigavallenar.cl\/?p=97469","title":{"rendered":"Mulet califica como grave y vergonzosa celebraci\u00f3n del SLEP Atacama y exige intervenci\u00f3n del Ministerio de Educaci\u00f3n"},"content":{"rendered":"<p>El diputado por la Regi\u00f3n de Atacama, Jaime Mulet Mart\u00ednez, calific\u00f3 como \u201cuna verg\u00fcenza inaceptable\u201d los antecedentes conocidos respecto de una celebraci\u00f3n protagonizada por autoridades del Servicio Local de Educaci\u00f3n P\u00fablica (SLEP) de Atacama, realizada en una limusina y en un casino, con un car\u00e1cter ostentoso y completamente ajeno al rol p\u00fablico que les corresponde ejercer.<\/p>\n<p>El parlamentario sostuvo que los hechos revisten especial gravedad, considerando que se trata de las autoridades responsables de la educaci\u00f3n de ni\u00f1os, ni\u00f1as y adolescentes de la regi\u00f3n. En ese sentido, cuestion\u00f3 duramente que este tipo de celebraciones se haya realizado con recursos provenientes de proveedores del propio servicio, los que \u2014advirti\u00f3\u2014 no act\u00faan por mera generosidad, sino que podr\u00edan estar buscando influir en futuras decisiones contractuales.<\/p>\n<p>\u201cEsto no solo es \u00e9ticamente reprochable, sino que obliga a revisar en profundidad la relaci\u00f3n del SLEP Atacama con esos proveedores y la forma en que se est\u00e1n administrando recursos que, directa o indirectamente, tienen origen p\u00fablico\u201d, se\u00f1al\u00f3 Mulet.<\/p>\n<p>A juicio del diputado, la situaci\u00f3n amerita una investigaci\u00f3n exhaustiva y responsabilidades administrativas claras. Por ello, emplaz\u00f3 directamente al Ministerio de Educaci\u00f3n a intervenir con seriedad y urgencia frente a lo ocurrido en el SLEP Atacama.<\/p>\n<p>\u201cEl sistema de educaci\u00f3n p\u00fablica en la regi\u00f3n sigue entregando se\u00f1ales profundamente preocupantes. Lo ocurrido no puede relativizarse ni quedar sin consecuencias\u201d, afirm\u00f3.<\/p>\n<p>Jaime Mulet reiter\u00f3 que la recuperaci\u00f3n de la educaci\u00f3n p\u00fablica exige probidad, austeridad y un compromiso real con el inter\u00e9s superior de los estudiantes, principios que \u2014subray\u00f3\u2014 en este caso han sido gravemente vulnerados.<\/p>\n","protected":false},"excerpt":{"rendered":"<p>El diputado por la Regi\u00f3n de Atacama, Jaime Mulet Mart\u00ednez, calific\u00f3 como \u201cuna verg\u00fcenza inaceptable\u201d los antecedentes conocidos respecto de una celebraci\u00f3n protagonizada por autoridades&hellip; <\/p>\n","protected":false},"author":7,"featured_media":61980,"comment_status":"closed","ping_status":"closed","sticky":false,"template":"","format":"standard","meta":{"footnotes":""},"categories":[7],"tags":[],"class_list":["post-97469","post","type-post","status-publish","format-standard","has-post-thumbnail","hentry","category-atacama"],"_links":{"self":[{"href":"https:\/\/www.radioamigavallenar.cl\/index.php?rest_route=\/wp\/v2\/posts\/97469","targetHints":{"allow":["GET"]}}],"collection":[{"href":"https:\/\/www.radioamigavallenar.cl\/index.php?rest_route=\/wp\/v2\/posts"}],"about":[{"href":"https:\/\/www.radioamigavallenar.cl\/index.php?rest_route=\/wp\/v2\/types\/post"}],"author":[{"embeddable":true,"href":"https:\/\/www.radioamigavallenar.cl\/index.php?rest_route=\/wp\/v2\/users\/7"}],"replies":[{"embeddable":true,"href":"https:\/\/www.radioamigavallenar.cl\/index.php?rest_route=%2Fwp%2Fv2%2Fcomments&post=97469"}],"version-history":[{"count":1,"href":"https:\/\/www.radioamigavallenar.cl\/index.php?rest_route=\/wp\/v2\/posts\/97469\/revisions"}],"predecessor-version":[{"id":97470,"href":"https:\/\/www.radioamigavallenar.cl\/index.php?rest_route=\/wp\/v2\/posts\/97469\/revisions\/97470"}],"wp:featuredmedia":[{"embeddable":true,"href":"https:\/\/www.radioamigavallenar.cl\/index.php?rest_route=\/wp\/v2\/media\/61980"}],"wp:attachment":[{"href":"https:\/\/www.radioamigavallenar.cl\/index.php?rest_route=%2Fwp%2Fv2%2Fmedia&parent=97469"}],"wp:term":[{"taxonomy":"category","embeddable":true,"href":"https:\/\/www.radioamigavallenar.cl\/index.php?rest_route=%2Fwp%2Fv2%2Fcategories&post=97469"},{"taxonomy":"post_tag","embeddable":true,"href":"https:\/\/www.radioamigavallenar.cl\/index.php?rest_route=%2Fwp%2Fv2%2Ftags&post=97469"}],"curies":[{"name":"wp","href":"https:\/\/api.w.org\/{rel}","templated":true}]}}