{"id":97464,"date":"2026-01-13T00:00:23","date_gmt":"2026-01-13T03:00:23","guid":{"rendered":"https:\/\/www.radioamigavallenar.cl\/?p=97464"},"modified":"2026-01-12T23:18:34","modified_gmt":"2026-01-13T02:18:34","slug":"pobreza-disminuye-en-atacama-y-seremi-veronica-rivera-anuncia-cifras-de-encuesta-casen-2024","status":"publish","type":"post","link":"https:\/\/www.radioamigavallenar.cl\/?p=97464","title":{"rendered":"Pobreza disminuye en Atacama y Seremi Ver\u00f3nica Rivera anuncia cifras de Encuesta Casen 2024"},"content":{"rendered":"<p>\u00b7 Porcentajes y cifras referentes a la pobreza por ingresos; pobreza multidimensional y pobreza severa, adem\u00e1s del trabajo met\u00f3dico e institucional del Estado, para levantar los datos, son parte de las observaciones de la autoridad.<\/p>\n<p>&nbsp;<\/p>\n<p>Tras la presentaci\u00f3n de los resultados de la Encuesta de Caracterizaci\u00f3n Socioecon\u00f3mica Nacional, Casen 2024, la Seremi de Desarrollo Social y Familia, Ver\u00f3nica Rivera Reynoso, valor\u00f3 el desarrollo y la nueva metodolog\u00eda utilizada para medir la pobreza, impulsada por el Gobierno del Presidente Gabriel Boric, y adem\u00e1s, aprovech\u00f3 la instancia para precisar las cifras a nivel regional.<\/p>\n<p>&nbsp;<\/p>\n<p>Respecto al cambio en la metodolog\u00eda, cabe precisar que el a\u00f1o 2023, el Presidente de la Rep\u00fablica convoc\u00f3 a una Comisi\u00f3n Asesora Presidencial -transversal y de expertos-. Ellas y ellos presentaron una propuesta, que m\u00e1s tarde fue analizada por una mesa t\u00e9cnica donde participaron el Ministerio de Desarrollo Social, el INE, la Cepal, el PNUD (en el caso de la pobreza multidimensional). Con dicho informe t\u00e9cnico, las autoridades definieron los cambios metodol\u00f3gicos.<\/p>\n<p>&nbsp;<\/p>\n<p>En este marco, la Seremi Ver\u00f3nica Rivera, argument\u00f3, que, \u201cla nueva metodolog\u00eda para medir la pobreza en Chile, a trav\u00e9s de la Casen 2024, tal como lo expres\u00f3 nuestra Ministra Javiera Toro, fue m\u00e1s exigente y actualizada. Lo que buscamos como Estado y como Gobierno del Presidente Gabriel Boric, era poder reflejar de la mejor forma posible el Chile actual y en concordancia con los cambios sociales y econ\u00f3micos que ha experimentado nuestro pa\u00eds en los \u00faltimos a\u00f1os\u201d.<\/p>\n<p>&nbsp;<\/p>\n<audio class=\"wp-audio-shortcode\" id=\"audio-97464-1\" preload=\"none\" style=\"width: 100%;\" controls=\"controls\"><source type=\"audio\/mpeg\" src=\"https:\/\/www.radioamigavallenar.cl\/wp-content\/uploads\/2026\/01\/Seremi-Casen-2.mp3?_=1\" \/><a href=\"https:\/\/www.radioamigavallenar.cl\/wp-content\/uploads\/2026\/01\/Seremi-Casen-2.mp3\">https:\/\/www.radioamigavallenar.cl\/wp-content\/uploads\/2026\/01\/Seremi-Casen-2.mp3<\/a><\/audio>\n<p>En la Encuesta Casen, se observa, a trav\u00e9s de las cifras otorgadas por el Estado, una disminuci\u00f3n, tanto de la pobreza por ingresos; como de la pobreza multidimensional y severa, manteni\u00e9ndose una tendencia a la baja en todos los indicadores.<\/p>\n<p>&nbsp;<\/p>\n<p>\u201cYo quisiera valorar profundamente el esp\u00edritu de credibilidad, respecto a las cifras que nos ha otorgado la Casen 2024. Pueden existir m\u00faltiples visiones y an\u00e1lisis, por cierto, v\u00e1lidos, pero los datos no se cuestionan y eso, nos debe llenar de orgulloso como chilenos y chilenas, como Estado de Chile, ya que no en todo el mundo es as\u00ed. Debemos proteger y continuar resguardando nuestra institucionalidad. Si bien, en Atacama, disminuy\u00f3 la pobreza por ingresos, a 18,6%; la pobreza multidimensional a 20,2% y la pobreza severa a 6,9, debemos mantener el desaf\u00edo como, Estado y Naci\u00f3n, de disminuir la pobreza, a trav\u00e9s de pol\u00edticas publicas transversales. La legitimidad que tiene este instrumento de medici\u00f3n en nuestro pa\u00eds es fundamental para seguir avanzando\u201d, agreg\u00f3 la Seremi de Desarrollo Social.<\/p>\n<p>&nbsp;<\/p>\n<audio class=\"wp-audio-shortcode\" id=\"audio-97464-2\" preload=\"none\" style=\"width: 100%;\" controls=\"controls\"><source type=\"audio\/mpeg\" src=\"https:\/\/www.radioamigavallenar.cl\/wp-content\/uploads\/2026\/01\/Seremi-Casen-1.mp3?_=2\" \/><a href=\"https:\/\/www.radioamigavallenar.cl\/wp-content\/uploads\/2026\/01\/Seremi-Casen-1.mp3\">https:\/\/www.radioamigavallenar.cl\/wp-content\/uploads\/2026\/01\/Seremi-Casen-1.mp3<\/a><\/audio>\n<p>&nbsp;<\/p>\n<p><strong>Pobreza por Ingresos:<\/strong><\/p>\n<p>En el a\u00f1o 2024, la regi\u00f3n de Atacama registr\u00f3 una incidencia de la pobreza por ingreso en la poblaci\u00f3n de 18,6%, ubic\u00e1ndose en el promedio nacional (17,3%).<\/p>\n<p>Esta tasa de pobreza por ingreso es m\u00e1s baja que la que la regi\u00f3n experimentaba en 2022 (21,2%).<\/p>\n<p>&nbsp;<\/p>\n<p><strong>Pobreza Multidimensional:<\/strong><\/p>\n<p>En el a\u00f1o 2024, la regi\u00f3n de Atacama registr\u00f3 una incidencia de la pobreza multidimensional en la poblaci\u00f3n de 20,2%, ubic\u00e1ndose por sobre el promedio nacional (17,7%). Entre 2022 y 2024 la tasa de pobreza multidimensional en la poblaci\u00f3n se mantuvo inalterada (22,5% en 2022 y 20,2% en 2024).<\/p>\n<p>&nbsp;<\/p>\n<p><strong>Pobreza severa:<\/strong><\/p>\n<p>En 2024, la regi\u00f3n de Atacama presenta un 6,9% de su poblaci\u00f3n en situaci\u00f3n de pobreza severa, sin registrar diferencias estad\u00edsticamente significativas respecto del promedio nacional (6,1%). En 2022 la cifra fue de 7,7. Cabe relevar que, la tasa de pobreza severa indica el porcentaje de la poblaci\u00f3n de la regi\u00f3n que pertenece a hogares que est\u00e1n simult\u00e1neamente en situaci\u00f3n de pobreza por ingresos y pobreza multidimensional.<\/p>\n","protected":false},"excerpt":{"rendered":"<p>\u00b7 Porcentajes y cifras referentes a la pobreza por ingresos; pobreza multidimensional y pobreza severa, adem\u00e1s del trabajo met\u00f3dico e institucional del Estado, para levantar&hellip; <\/p>\n","protected":false},"author":7,"featured_media":97467,"comment_status":"closed","ping_status":"closed","sticky":false,"template":"","format":"standard","meta":{"footnotes":""},"categories":[7],"tags":[],"class_list":["post-97464","post","type-post","status-publish","format-standard","has-post-thumbnail","hentry","category-atacama"],"_links":{"self":[{"href":"https:\/\/www.radioamigavallenar.cl\/index.php?rest_route=\/wp\/v2\/posts\/97464","targetHints":{"allow":["GET"]}}],"collection":[{"href":"https:\/\/www.radioamigavallenar.cl\/index.php?rest_route=\/wp\/v2\/posts"}],"about":[{"href":"https:\/\/www.radioamigavallenar.cl\/index.php?rest_route=\/wp\/v2\/types\/post"}],"author":[{"embeddable":true,"href":"https:\/\/www.radioamigavallenar.cl\/index.php?rest_route=\/wp\/v2\/users\/7"}],"replies":[{"embeddable":true,"href":"https:\/\/www.radioamigavallenar.cl\/index.php?rest_route=%2Fwp%2Fv2%2Fcomments&post=97464"}],"version-history":[{"count":1,"href":"https:\/\/www.radioamigavallenar.cl\/index.php?rest_route=\/wp\/v2\/posts\/97464\/revisions"}],"predecessor-version":[{"id":97468,"href":"https:\/\/www.radioamigavallenar.cl\/index.php?rest_route=\/wp\/v2\/posts\/97464\/revisions\/97468"}],"wp:featuredmedia":[{"embeddable":true,"href":"https:\/\/www.radioamigavallenar.cl\/index.php?rest_route=\/wp\/v2\/media\/97467"}],"wp:attachment":[{"href":"https:\/\/www.radioamigavallenar.cl\/index.php?rest_route=%2Fwp%2Fv2%2Fmedia&parent=97464"}],"wp:term":[{"taxonomy":"category","embeddable":true,"href":"https:\/\/www.radioamigavallenar.cl\/index.php?rest_route=%2Fwp%2Fv2%2Fcategories&post=97464"},{"taxonomy":"post_tag","embeddable":true,"href":"https:\/\/www.radioamigavallenar.cl\/index.php?rest_route=%2Fwp%2Fv2%2Ftags&post=97464"}],"curies":[{"name":"wp","href":"https:\/\/api.w.org\/{rel}","templated":true}]}}