{"id":97461,"date":"2026-01-13T00:00:35","date_gmt":"2026-01-13T03:00:35","guid":{"rendered":"https:\/\/www.radioamigavallenar.cl\/?p=97461"},"modified":"2026-01-12T23:11:00","modified_gmt":"2026-01-13T02:11:00","slug":"reforma-previsional-gobierno-inicia-historico-pago-de-beneficios-del-seguro-social-a-mas-de-13-millones-de-personas","status":"publish","type":"post","link":"https:\/\/www.radioamigavallenar.cl\/?p=97461","title":{"rendered":"Reforma Previsional: Gobierno inicia hist\u00f3rico pago de beneficios del Seguro Social a m\u00e1s de 1,3 millones de personas"},"content":{"rendered":"<p>Desde este viernes 9 de enero, los beneficiarios comenzaron a recibir junto a su pensi\u00f3n, de forma autom\u00e1tica, mensual y para siempre el Bono por A\u00f1os Cotizados y la Compensaci\u00f3n por Expectativa de Vida para Mujeres.<\/p>\n<p>&nbsp;<\/p>\n<p>Tras una espera de m\u00e1s de 12 a\u00f1os de debate legislativo, la Reforma de Pensiones alcanz\u00f3 su hito m\u00e1s esperado con el inicio de los pagos del nuevo Seguro Social. En una actividad realizada en la sucursal de la Caja de Compensaci\u00f3n Los H\u00e9roes en Santiago Centro, las m\u00e1ximas autoridades del sector trabajo y previsional dieron el \u00abvamos\u00bb a un proceso que beneficiar\u00e1 de manera autom\u00e1tica y permanente a m\u00e1s de 1.300.000 pensionados y pensionadas en todo el pa\u00eds.<\/p>\n<p>&nbsp;<\/p>\n<p>Este viernes 9 de enero marc\u00f3 el inicio de una nueva era para la seguridad social en Chile, con los primeros pagos del beneficio por A\u00f1os Cotizados, denominado \u201cPensi\u00f3n Esfuerzo\u201d, y la Compensaci\u00f3n por Expectativa de Vida para las mujeres, conocida como \u00abPensi\u00f3n Mujer\u00bb.<\/p>\n<p>&nbsp;<\/p>\n<p>Durante la jornada, el ministro del Trabajo y Previsi\u00f3n Social, Giorgio Boccardo, junto al Subsecretario de Previsi\u00f3n Social, Claudio Reyes, y el director nacional del IPS, Juan Jos\u00e9 C\u00e1rcamo, sostuvieron un encuentro con un grupo de pensionados beneficiarios.<\/p>\n<p>&nbsp;<\/p>\n<p>El ministro del Trabajo y Previsi\u00f3n Social, Giorgio Boccardo, destac\u00f3 la relevancia de este hito se\u00f1alando que \u201ccon esta reforma de pensiones entregamos mayor dignidad a todas y todos quienes dieron una vida de trabajo a partir de la seguridad social, y algo que es muy importante, un seguro social, que gracias a las cotizaciones de las y los actuales trabajadores podemos dar una mayor dignidad a nuestras personas mayores. Sab\u00edamos que esto era una deuda pendiente. Y si bien todav\u00eda hay un camino mayor por recorrer, hoy nuestros pensionados y pensionadas pueden tener una vida mejor. Este es un d\u00eda que se va a recordar en la historia del pa\u00eds\u201d.<\/p>\n<p>&nbsp;<\/p>\n<p>Por \u00faltimo, relev\u00f3 que la normativa \u201cfue fruto de un acuerdo transversal, que permiti\u00f3 construir un nuevo sistema de seguridad social. Y esperamos que esos sean los pilares<\/p>\n<p>sobre los cuales se va a fortalecer esta reforma para poder asegurar que todas las personas que han aportado al pa\u00eds trabajando remuneradamente, y tambi\u00e9n una gran cantidad de mujeres que trabaja cuidando cuyas labores a veces no son reconocidas, puedan tener una vida digna una vez que terminen su vida laboral\u201d.<\/p>\n<p>&nbsp;<\/p>\n<p>Una de las principales caracter\u00edsticas de este nuevo pilar contributivo mixto es su operatividad: el proceso es 100% autom\u00e1tico. Los beneficiarios no requieren postular ni realizar tr\u00e1mites adicionales, ya que el incremento aparecer\u00e1 detallado en su colilla de pago habitual bajo el \u00edtem \u00abSeguro Social\u00bb.<\/p>\n<p>&nbsp;<\/p>\n<p>En t\u00e9rminos de montos, el Beneficio por A\u00f1os Cotizados entrega 0,1 UF adicionales por cada 12 meses cotizados, con un tope de 25 a\u00f1os, lo que se traduce en un aumento mensual de casi $100.000 para quienes cumplan con el requisito. Por su parte, la compensaci\u00f3n para mujeres establece un piso m\u00ednimo de 0,25 UF ($9.900 aprox.), beneficiando a m\u00e1s de 730.000 pensionadas.<\/p>\n<p>&nbsp;<\/p>\n<p>Al respecto, la Seremi del Trabajo y Previsi\u00f3n Social de Atacama, Dissa Castellani Mart\u00ednez, afirm\u00f3 que \u201clogramos el objetivo de que las pensiones subieran y podemos decir con propiedad que las pensiones ya subieron. En el primer d\u00eda, m\u00e1s de 7.200 chilenos est\u00e1n recibiendo sus beneficios de forma autom\u00e1tica en sus cuentas, sin tr\u00e1mite alguno y con una precisi\u00f3n t\u00e9cnica que asegura que el proceso sea fluido y transparente\u00bb.<\/p>\n<p>&nbsp;<\/p>\n<p>Y destac\u00f3 que \u201c\u00bbel Seguro Social trae un beneficio que es un cambio radical en la calidad de vida: las personas que dejaron de percibir ingresos porque se les acabaron sus recursos en las AFP ahora vuelven a tener una pensi\u00f3n de forma autom\u00e1tica. Esto no es un bono por una sola vez; es un derecho permanente, todos los meses y de por vida, que devuelve la seguridad econ\u00f3mica a miles de hogares\u00bb<\/p>\n<p>&nbsp;<\/p>\n<h2 style=\"text-align: center;\">Pagos<\/h2>\n<p>Este viernes inici\u00f3 el proceso de pago para m\u00e1s de 7.200 pensionados, sin embargo, el volumen masivo de pagos se concentrar\u00e1 entre el 15 y el 20 de enero. El calendario del Instituto de Previsi\u00f3n Social (IPS) proyecta que el lunes 19 de enero ser\u00e1 la jornada central, con m\u00e1s de 849.000 pagos realizados en un solo d\u00eda.<\/p>\n<p>&nbsp;<\/p>\n<p>El director nacional del IPS ChileAtiende, Juan Jos\u00e9 C\u00e1rcamo, valor\u00f3 la solidez t\u00e9cnica del organismo en este despliegue: \u00abEl IPS ha habilitado diversos canales de atenci\u00f3n para que<\/p>\n<p>las personas consulten si son beneficiarias de la reforma de pensiones este mes; por ello est\u00e1 disponible nuestro web ChileAtiende, el Call Center 101, nuestro servicio de video atenci\u00f3n y nuestras sucursales\u00bb.<\/p>\n<p>&nbsp;<\/p>\n<p>Es importante enfatizar que estos beneficios son vitalicios y su pago est\u00e1 garantizado por ley, independientemente de los cambios de administraci\u00f3n, consolidando as\u00ed un avance trascendental en la calidad de vida de los actuales y futuros jubilados y jubiladas del pa\u00eds.<\/p>\n<p>&nbsp;<\/p>\n<h2 style=\"text-align: center;\"><strong>Cotizaci\u00f3n extra empleador<\/strong><\/h2>\n<p>Un pilar fundamental de esta transformaci\u00f3n es el incremento gradual de la cotizaci\u00f3n de cargo del empleador, la cual comenz\u00f3 con un 1% en 2025 y seguir\u00e1 subiendo un punto porcentual cada a\u00f1o hasta alcanzar un total del 7%. En agosto de 2026, el sistema recibir\u00e1 un nuevo impulso con el aumento al 2%, asegurando que el financiamiento de los beneficios crezca de manera responsable y sostenida en el tiempo para responder a las necesidades de los pensionados.<\/p>\n<p>&nbsp;<\/p>\n<p>Esta cotizaci\u00f3n adicional constituye el \u00abmotor\u00bb del nuevo Seguro Social, permitiendo financiar beneficios como el reconocimiento a los a\u00f1os cotizados y la compensaci\u00f3n para mujeres sin tocar ni un peso de la cuenta individual de los trabajadores.<\/p>\n","protected":false},"excerpt":{"rendered":"<p>Desde este viernes 9 de enero, los beneficiarios comenzaron a recibir junto a su pensi\u00f3n, de forma autom\u00e1tica, mensual y para siempre el Bono por&hellip; <\/p>\n","protected":false},"author":7,"featured_media":97462,"comment_status":"closed","ping_status":"closed","sticky":false,"template":"","format":"standard","meta":{"footnotes":""},"categories":[7],"tags":[],"class_list":["post-97461","post","type-post","status-publish","format-standard","has-post-thumbnail","hentry","category-atacama"],"_links":{"self":[{"href":"https:\/\/www.radioamigavallenar.cl\/index.php?rest_route=\/wp\/v2\/posts\/97461","targetHints":{"allow":["GET"]}}],"collection":[{"href":"https:\/\/www.radioamigavallenar.cl\/index.php?rest_route=\/wp\/v2\/posts"}],"about":[{"href":"https:\/\/www.radioamigavallenar.cl\/index.php?rest_route=\/wp\/v2\/types\/post"}],"author":[{"embeddable":true,"href":"https:\/\/www.radioamigavallenar.cl\/index.php?rest_route=\/wp\/v2\/users\/7"}],"replies":[{"embeddable":true,"href":"https:\/\/www.radioamigavallenar.cl\/index.php?rest_route=%2Fwp%2Fv2%2Fcomments&post=97461"}],"version-history":[{"count":1,"href":"https:\/\/www.radioamigavallenar.cl\/index.php?rest_route=\/wp\/v2\/posts\/97461\/revisions"}],"predecessor-version":[{"id":97463,"href":"https:\/\/www.radioamigavallenar.cl\/index.php?rest_route=\/wp\/v2\/posts\/97461\/revisions\/97463"}],"wp:featuredmedia":[{"embeddable":true,"href":"https:\/\/www.radioamigavallenar.cl\/index.php?rest_route=\/wp\/v2\/media\/97462"}],"wp:attachment":[{"href":"https:\/\/www.radioamigavallenar.cl\/index.php?rest_route=%2Fwp%2Fv2%2Fmedia&parent=97461"}],"wp:term":[{"taxonomy":"category","embeddable":true,"href":"https:\/\/www.radioamigavallenar.cl\/index.php?rest_route=%2Fwp%2Fv2%2Fcategories&post=97461"},{"taxonomy":"post_tag","embeddable":true,"href":"https:\/\/www.radioamigavallenar.cl\/index.php?rest_route=%2Fwp%2Fv2%2Ftags&post=97461"}],"curies":[{"name":"wp","href":"https:\/\/api.w.org\/{rel}","templated":true}]}}