{"id":9746,"date":"2018-05-07T06:30:44","date_gmt":"2018-05-07T09:30:44","guid":{"rendered":"http:\/\/www.radioamigavallenar.cl\/?p=9746"},"modified":"2018-05-07T07:40:48","modified_gmt":"2018-05-07T10:40:48","slug":"freirina-implementan-sistema-de-alfabetizacion-para-20-vecinos-de-la-comuna","status":"publish","type":"post","link":"https:\/\/www.radioamigavallenar.cl\/?p=9746","title":{"rendered":"(AUDIOS) Notable: en Freirina abuelita de 80 a\u00f1os decide completar sus estudios"},"content":{"rendered":"<p style=\"text-align: center;\"><a href=\"http:\/\/www.radioamigavallenar.cl\/wp-content\/uploads\/2018\/05\/Oficina-Freirina.jpg\"><img loading=\"lazy\" decoding=\"async\" class=\"alignnone size-medium wp-image-9750\" src=\"http:\/\/www.radioamigavallenar.cl\/wp-content\/uploads\/2018\/05\/Oficina-Freirina-300x200.jpg\" alt=\"Oficina Freirina\" width=\"300\" height=\"200\" srcset=\"https:\/\/www.radioamigavallenar.cl\/wp-content\/uploads\/2018\/05\/Oficina-Freirina-300x200.jpg 300w, https:\/\/www.radioamigavallenar.cl\/wp-content\/uploads\/2018\/05\/Oficina-Freirina.jpg 700w\" sizes=\"auto, (max-width: 300px) 100vw, 300px\" \/><\/a><\/p>\n<p style=\"text-align: justify;\">Como un avance en materia de dignidad y superaci\u00f3n personal, fue catalogada esta iniciativa por parte de la primera autoridad de Freirina Cesar Orellana, quien se\u00f1al\u00f3 que este plan vendr\u00e1 a dar mayores oportunidades sociales a los vecinos participantes del plan de alfabetizaci\u00f3n.<\/p>\n<p style=\"text-align: justify;\">El programa se enfocar\u00e1 en el desarrollo de competencias b\u00e1sicas de lenguaje y matem\u00e1tica, adem\u00e1s del fortalecimiento del autoestima y la valoraci\u00f3n personal de los participantes, con perspectiva en mejorar su inserci\u00f3n social y laboral. Consiguiente, mejorar sus propias vidas y la de su comunidad.<\/p>\n<p style=\"text-align: justify;\">Este plan, ser\u00e1 impartido desde mayo a noviembre en dependencias del Liceo Ram\u00f3n Freire Serrano. En tanto las clases comenzaron este jueves 3 de mayo con una ceremonia en donde participaron Concejales, autoridades locales y el Gobernador de la provincia del Huasco Patricio Urquieta Garc\u00eda, adem\u00e1s del equipo OMIL de Freirina quienes lideraron la actividad y el Alcalde Cesar Orellana.<\/p>\n<p style=\"text-align: justify;\">Esta es la primera vez que se pone en marcha este plan de alfabetizaci\u00f3n en la comuna, el cual, contar\u00e1 con dos monitores Juan Lafuente y Katherine Zamarca, ambos trabajadores de Omil Freirina quienes detectaron la problem\u00e1tica y decidieron hacer algo por ello.<\/p>\n<p style=\"text-align: justify;\">Katherine Zamarca Astudillo, Gestora Territorial de la Oficinas Municipales de Informaci\u00f3n Laboral, se\u00f1al\u00f3 que este programa se genera, luego de la detecci\u00f3n que surge dentro de la misma Omil, evidenciando la necesidad de nivelar estudios de los usuarios, considerando que ese es un factor importante y determinante a la hora de buscar empleo, siendo esto, una herramienta facilitadora, no solo a nivel educacional, sino que tambi\u00e9n a nivel social y personal.<\/p>\n<audio class=\"wp-audio-shortcode\" id=\"audio-9746-1\" preload=\"none\" style=\"width: 100%;\" controls=\"controls\"><source type=\"audio\/mpeg\" src=\"http:\/\/www.radioamigavallenar.cl\/wp-content\/uploads\/2018\/05\/CU\u00d1A-Katherine-Zamarca-gestora-OMIL.mp3?_=1\" \/><a href=\"http:\/\/www.radioamigavallenar.cl\/wp-content\/uploads\/2018\/05\/CU\u00d1A-Katherine-Zamarca-gestora-OMIL.mp3\">http:\/\/www.radioamigavallenar.cl\/wp-content\/uploads\/2018\/05\/CU\u00d1A-Katherine-Zamarca-gestora-OMIL.mp3<\/a><\/audio>\n<p style=\"text-align: justify;\"><strong>A destacar<\/strong> el caso de Olimpia del Tr\u00e1nsito Chaves, quien a sus 80, decidi\u00f3 darle un vuelco a su vida y nivelar su primer ciclo educativo \u201cpara m\u00ed, esto es un sue\u00f1o y un desaf\u00edo, ya que (acad\u00e9micamente) vengo de cero, esto es lo que m\u00e1s quiero, por eso estoy emocionada y mi meta es terminar.\u201d Se\u00f1al\u00f3 Olimpia Chaves de la localidad de Las Tablas \u2013 Freirina.<\/p>\n<audio class=\"wp-audio-shortcode\" id=\"audio-9746-2\" preload=\"none\" style=\"width: 100%;\" controls=\"controls\"><source type=\"audio\/mpeg\" src=\"http:\/\/www.radioamigavallenar.cl\/wp-content\/uploads\/2018\/05\/CU\u00d1A-Olimpia-Chaves-de-80-a\u00f1os.mp3?_=2\" \/><a href=\"http:\/\/www.radioamigavallenar.cl\/wp-content\/uploads\/2018\/05\/CU\u00d1A-Olimpia-Chaves-de-80-a\u00f1os.mp3\">http:\/\/www.radioamigavallenar.cl\/wp-content\/uploads\/2018\/05\/CU\u00d1A-Olimpia-Chaves-de-80-a\u00f1os.mp3<\/a><\/audio>\n<p style=\"text-align: justify;\">Cesar Orellana destac\u00f3 el trabajo de los funcionarios de Omil, quienes detectaron el problema y sin ser una de sus obligaciones, implementar\u00e1n este plan por el compromiso con la comuna de Freirina. \u201cEste es un d\u00eda hist\u00f3rico, cuando hablamos que Freirina avanza, no solo es en obras o infraestructura, sino que tambi\u00e9n avanza con el \u00e1nimo de nuestra gente superarse. Esto es una tremenda lecci\u00f3n de vida para todos nosotros ver adultos y adultos mayores con ganas de superarse e iniciar sus estudios en ense\u00f1anza b\u00e1sica. Escuchar a la se\u00f1ora Olimpia de 80 a\u00f1os decir \u201cyo puedo\u201d es una tremenda ense\u00f1anza para nuestros j\u00f3venes y vecinos\u201d finaliz\u00f3 Orellana.<\/p>\n<audio class=\"wp-audio-shortcode\" id=\"audio-9746-3\" preload=\"none\" style=\"width: 100%;\" controls=\"controls\"><source type=\"audio\/mpeg\" src=\"http:\/\/www.radioamigavallenar.cl\/wp-content\/uploads\/2018\/05\/CU\u00d1A-Alcalde-Cesar-Orellana.mp3?_=3\" \/><a href=\"http:\/\/www.radioamigavallenar.cl\/wp-content\/uploads\/2018\/05\/CU\u00d1A-Alcalde-Cesar-Orellana.mp3\">http:\/\/www.radioamigavallenar.cl\/wp-content\/uploads\/2018\/05\/CU\u00d1A-Alcalde-Cesar-Orellana.mp3<\/a><\/audio>\n<p style=\"text-align: justify;\">Finalmente, la Direcci\u00f3n de Desarrollo Comunitario municipal de Freirina, le hizo entrega a cada uno de los estudiantes un kit consistente en mochilas cuadernos, etc., para facilitar sus estudios.<\/p>\n","protected":false},"excerpt":{"rendered":"<p>Como un avance en materia de dignidad y superaci\u00f3n personal, fue catalogada esta iniciativa por parte de la primera autoridad de Freirina Cesar Orellana, quien&hellip; <\/p>\n","protected":false},"author":2,"featured_media":9750,"comment_status":"open","ping_status":"closed","sticky":false,"template":"","format":"standard","meta":{"footnotes":""},"categories":[3],"tags":[],"class_list":["post-9746","post","type-post","status-publish","format-standard","has-post-thumbnail","hentry","category-freirina"],"_links":{"self":[{"href":"https:\/\/www.radioamigavallenar.cl\/index.php?rest_route=\/wp\/v2\/posts\/9746","targetHints":{"allow":["GET"]}}],"collection":[{"href":"https:\/\/www.radioamigavallenar.cl\/index.php?rest_route=\/wp\/v2\/posts"}],"about":[{"href":"https:\/\/www.radioamigavallenar.cl\/index.php?rest_route=\/wp\/v2\/types\/post"}],"author":[{"embeddable":true,"href":"https:\/\/www.radioamigavallenar.cl\/index.php?rest_route=\/wp\/v2\/users\/2"}],"replies":[{"embeddable":true,"href":"https:\/\/www.radioamigavallenar.cl\/index.php?rest_route=%2Fwp%2Fv2%2Fcomments&post=9746"}],"version-history":[{"count":0,"href":"https:\/\/www.radioamigavallenar.cl\/index.php?rest_route=\/wp\/v2\/posts\/9746\/revisions"}],"wp:featuredmedia":[{"embeddable":true,"href":"https:\/\/www.radioamigavallenar.cl\/index.php?rest_route=\/wp\/v2\/media\/9750"}],"wp:attachment":[{"href":"https:\/\/www.radioamigavallenar.cl\/index.php?rest_route=%2Fwp%2Fv2%2Fmedia&parent=9746"}],"wp:term":[{"taxonomy":"category","embeddable":true,"href":"https:\/\/www.radioamigavallenar.cl\/index.php?rest_route=%2Fwp%2Fv2%2Fcategories&post=9746"},{"taxonomy":"post_tag","embeddable":true,"href":"https:\/\/www.radioamigavallenar.cl\/index.php?rest_route=%2Fwp%2Fv2%2Ftags&post=9746"}],"curies":[{"name":"wp","href":"https:\/\/api.w.org\/{rel}","templated":true}]}}