{"id":97458,"date":"2026-01-12T10:21:39","date_gmt":"2026-01-12T13:21:39","guid":{"rendered":"https:\/\/www.radioamigavallenar.cl\/?p=97458"},"modified":"2026-01-12T12:22:24","modified_gmt":"2026-01-12T15:22:24","slug":"informan-de-corte-de-calle-en-centro-de-vallenar-por-congreso-futuro","status":"publish","type":"post","link":"https:\/\/www.radioamigavallenar.cl\/?p=97458","title":{"rendered":"Informan de corte de calle en centro de Vallenar por Congreso Futuro"},"content":{"rendered":"<p>La municipalidad de Vallenar inform\u00f3 a las vecinas y vecinos que, con motivo de las preparaciones de la Expo de Emprendimiento e Innovaci\u00f3n en el marco de la actividad \u201cCongreso Futuro\u201d, la cual se desarrollar\u00e1 ma\u00f1ana martes 13 de enero en el Centro Cultural V\u00edctor Acosta, se realizar\u00e1 un corte de calle en el sector indicado en el plano adjunto.<\/p>\n<p>La medida se llevar\u00e1 a cabo desde el s\u00e1bado 10 de enero, a partir de las 8:00 hrs. hasta las 00:00 hrs. del martes 13 de enero, desviando el tr\u00e1nsito vehicular hacia v\u00edas habilitadas y debidamente se\u00f1alizadas.<\/p>\n<p>Estas medidas tienen por objeto asegurar el correcto funcionamiento del tr\u00e1nsito vehicular, permitir el adecuado desarrollo la actividad y resguardar la seguridad de peatones, conductores y equipos de trabajo.<\/p>\n","protected":false},"excerpt":{"rendered":"<p>La municipalidad de Vallenar inform\u00f3 a las vecinas y vecinos que, con motivo de las preparaciones de la Expo de Emprendimiento e Innovaci\u00f3n en el&hellip; <\/p>\n","protected":false},"author":7,"featured_media":97459,"comment_status":"closed","ping_status":"closed","sticky":false,"template":"","format":"standard","meta":{"footnotes":""},"categories":[38],"tags":[],"class_list":["post-97458","post","type-post","status-publish","format-standard","has-post-thumbnail","hentry","category-portada-regional"],"_links":{"self":[{"href":"https:\/\/www.radioamigavallenar.cl\/index.php?rest_route=\/wp\/v2\/posts\/97458","targetHints":{"allow":["GET"]}}],"collection":[{"href":"https:\/\/www.radioamigavallenar.cl\/index.php?rest_route=\/wp\/v2\/posts"}],"about":[{"href":"https:\/\/www.radioamigavallenar.cl\/index.php?rest_route=\/wp\/v2\/types\/post"}],"author":[{"embeddable":true,"href":"https:\/\/www.radioamigavallenar.cl\/index.php?rest_route=\/wp\/v2\/users\/7"}],"replies":[{"embeddable":true,"href":"https:\/\/www.radioamigavallenar.cl\/index.php?rest_route=%2Fwp%2Fv2%2Fcomments&post=97458"}],"version-history":[{"count":1,"href":"https:\/\/www.radioamigavallenar.cl\/index.php?rest_route=\/wp\/v2\/posts\/97458\/revisions"}],"predecessor-version":[{"id":97460,"href":"https:\/\/www.radioamigavallenar.cl\/index.php?rest_route=\/wp\/v2\/posts\/97458\/revisions\/97460"}],"wp:featuredmedia":[{"embeddable":true,"href":"https:\/\/www.radioamigavallenar.cl\/index.php?rest_route=\/wp\/v2\/media\/97459"}],"wp:attachment":[{"href":"https:\/\/www.radioamigavallenar.cl\/index.php?rest_route=%2Fwp%2Fv2%2Fmedia&parent=97458"}],"wp:term":[{"taxonomy":"category","embeddable":true,"href":"https:\/\/www.radioamigavallenar.cl\/index.php?rest_route=%2Fwp%2Fv2%2Fcategories&post=97458"},{"taxonomy":"post_tag","embeddable":true,"href":"https:\/\/www.radioamigavallenar.cl\/index.php?rest_route=%2Fwp%2Fv2%2Ftags&post=97458"}],"curies":[{"name":"wp","href":"https:\/\/api.w.org\/{rel}","templated":true}]}}